{"id":23375,"date":"2023-09-08T01:23:25","date_gmt":"2023-09-08T00:23:25","guid":{"rendered":"http:\/\/www.associationdemarie.org\/blog\/?p=23375"},"modified":"2023-08-25T06:25:54","modified_gmt":"2023-08-25T05:25:54","slug":"fete-de-la-nativite-de-la-vierge-marie-7","status":"publish","type":"post","link":"https:\/\/www.associationdemarie.org\/blog\/fete-de-la-nativite-de-la-vierge-marie-7\/","title":{"rendered":"F\u00eate de la Nativit\u00e9 de la Vierge Marie"},"content":{"rendered":"<p><img loading=\"lazy\" decoding=\"async\" class=\"aligncenter  wp-image-23376\" src=\"https:\/\/www.associationdemarie.org\/blog\/wp-content\/uploads\/2023\/08\/8-9.png\" alt=\"\" width=\"442\" height=\"263\" srcset=\"https:\/\/www.associationdemarie.org\/blog\/wp-content\/uploads\/2023\/08\/8-9.png 705w, https:\/\/www.associationdemarie.org\/blog\/wp-content\/uploads\/2023\/08\/8-9-300x179.png 300w\" sizes=\"auto, (max-width: 442px) 100vw, 442px\" \/><\/p>\n<p>\u00ab Le nom de la vierge \u00e9tait Marie \u00bb (Lc 1,27). Ce nom signifie, dit-on, \u00ab \u00e9toile de la mer \u00bb, et il convient admirablement \u00e0 la Vierge m\u00e8re. Rien n&rsquo;est plus juste que de la comparer \u00e0 une \u00e9toile qui donne ses rayons sans \u00eatre alt\u00e9r\u00e9e, comme elle enfante son fils sans dommage \u00e0 son corps vierge. Elle est bien cette noble \u00ab \u00e9toile issue de Jacob \u00bb (Nb 24,17), dont la splendeur illumine le monde entier, qui brille dans les cieux et p\u00e9n\u00e8tre jusqu&rsquo;aux enfers. (&#8230;) Elle est vraiment cette \u00e9toile belle et admirable qui devait se lever au-dessus de la mer immense, \u00e9tincelante de m\u00e9rites, \u00e9clairant par son exemple.<\/p>\n<p>Vous tous, qui que vous soyez, qui vous sentez aujourd&rsquo;hui en pleine mer, secou\u00e9s par l&rsquo;orage et la temp\u00eate, loin de la terre ferme, gardez vos yeux sur la lumi\u00e8re de cette \u00e9toile, pour \u00e9viter le naufrage. Si les vents de la tentation se l\u00e8vent, si tu vois approcher l&rsquo;\u00e9cueil de l&rsquo;\u00e9preuve, regarde l&rsquo;\u00e9toile, invoque Marie ! Si tu es ballott\u00e9 par les vagues de l&rsquo;orgueil, de l&rsquo;ambition, de la m\u00e9disance ou de la jalousie, l\u00e8ve les yeux vers l&rsquo;\u00e9toile, invoque Marie. (&#8230;) Si tu es troubl\u00e9 par la grandeur de tes p\u00e9ch\u00e9s, humili\u00e9 par la honte de ta conscience, \u00e9pouvant\u00e9 par la crainte du jugement, si tu es sur le point de sombrer dans le gouffre de la tristesse et du d\u00e9sespoir, pense \u00e0 Marie. Dans le p\u00e9ril, l&rsquo;angoisse, le doute, pense \u00e0 Marie, invoque Marie !<\/p>\n<p>Que son nom ne quitte jamais tes l\u00e8vres ni ton c\u0153ur. (&#8230;) En la suivant, tu ne t&rsquo;\u00e9gareras pas ; en la priant, tu d\u00e9sesp\u00e9reras pas ; en pensant \u00e0 elle, tu \u00e9viteras toute fausse route. Si elle te tient par la main, tu ne sombreras pas ; si elle te prot\u00e8ge, tu ne craindras rien ; sous sa conduite, tu ignoreras la fatigue ; sous sa protection, tu arriveras jusqu&rsquo;au but. Et tu comprendras par ta propre exp\u00e9rience combien sont justes ces paroles : \u00ab Le nom de la vierge \u00e9tait Marie \u00bb.<\/p>\n<h3 class=\"GospelCommentaryAuthor-name commentary-author font-2\">Saint Bernard (1091-1153)<\/h3>\n<p>&nbsp;<\/p>\n<p>&nbsp;<\/p>\n<p>&nbsp;<\/p>\n","protected":false},"excerpt":{"rendered":"<p>\u00ab Le nom de la vierge \u00e9tait Marie \u00bb (Lc 1,27). Ce nom signifie, dit-on, \u00ab \u00e9toile de la mer \u00bb, et il convient admirablement \u00e0 la Vierge m\u00e8re. Rien n&rsquo;est plus juste que de la comparer \u00e0 une \u00e9toile qui donne ses rayons sans \u00eatre alt\u00e9r\u00e9e, comme elle enfante son fils sans dommage \u00e0 [&hellip;]<\/p>\n","protected":false},"author":2,"featured_media":0,"comment_status":"closed","ping_status":"closed","sticky":false,"template":"","format":"standard","meta":{"footnotes":""},"categories":[3,28],"tags":[708,1017],"class_list":["post-23375","post","type-post","status-publish","format-standard","hentry","category-liturgique","category-saints-et-saintes","tag-nativite-de-marie","tag-st-bernard"],"_links":{"self":[{"href":"https:\/\/www.associationdemarie.org\/blog\/wp-json\/wp\/v2\/posts\/23375","targetHints":{"allow":["GET"]}}],"collection":[{"href":"https:\/\/www.associationdemarie.org\/blog\/wp-json\/wp\/v2\/posts"}],"about":[{"href":"https:\/\/www.associationdemarie.org\/blog\/wp-json\/wp\/v2\/types\/post"}],"author":[{"embeddable":true,"href":"https:\/\/www.associationdemarie.org\/blog\/wp-json\/wp\/v2\/users\/2"}],"replies":[{"embeddable":true,"href":"https:\/\/www.associationdemarie.org\/blog\/wp-json\/wp\/v2\/comments?post=23375"}],"version-history":[{"count":1,"href":"https:\/\/www.associationdemarie.org\/blog\/wp-json\/wp\/v2\/posts\/23375\/revisions"}],"predecessor-version":[{"id":23377,"href":"https:\/\/www.associationdemarie.org\/blog\/wp-json\/wp\/v2\/posts\/23375\/revisions\/23377"}],"wp:attachment":[{"href":"https:\/\/www.associationdemarie.org\/blog\/wp-json\/wp\/v2\/media?parent=23375"}],"wp:term":[{"taxonomy":"category","embeddable":true,"href":"https:\/\/www.associationdemarie.org\/blog\/wp-json\/wp\/v2\/categories?post=23375"},{"taxonomy":"post_tag","embeddable":true,"href":"https:\/\/www.associationdemarie.org\/blog\/wp-json\/wp\/v2\/tags?post=23375"}],"curies":[{"name":"wp","href":"https:\/\/api.w.org\/{rel}","templated":true}]}}