{"id":23352,"date":"2023-09-01T01:53:32","date_gmt":"2023-09-01T00:53:32","guid":{"rendered":"http:\/\/www.associationdemarie.org\/blog\/?p=23352"},"modified":"2023-08-18T06:55:53","modified_gmt":"2023-08-18T05:55:53","slug":"nos-lampes-seteignent","status":"publish","type":"post","link":"https:\/\/www.associationdemarie.org\/blog\/nos-lampes-seteignent\/","title":{"rendered":"\u00ab Nos lampes s&rsquo;\u00e9teignent. \u00bb"},"content":{"rendered":"<p><img loading=\"lazy\" decoding=\"async\" class=\"aligncenter  wp-image-23353\" src=\"https:\/\/www.associationdemarie.org\/blog\/wp-content\/uploads\/2023\/08\/1-9-veillez.jpg\" alt=\"\" width=\"298\" height=\"298\" srcset=\"https:\/\/www.associationdemarie.org\/blog\/wp-content\/uploads\/2023\/08\/1-9-veillez.jpg 225w, https:\/\/www.associationdemarie.org\/blog\/wp-content\/uploads\/2023\/08\/1-9-veillez-150x150.jpg 150w\" sizes=\"auto, (max-width: 298px) 100vw, 298px\" \/><\/p>\n<p>Je ne suis pas devenu sage (&#8230;),<br \/>\nComme l&rsquo;\u00e9taient les cinq vierges sages ;<br \/>\nLe bien facile avec le difficile,<br \/>\nJe ne l&rsquo;ai point acquis.<br \/>\nMais je suis devenu le dernier des insens\u00e9s<br \/>\nEn ne conservant pas de l&rsquo;huile pour ma lampe :<br \/>\nC&rsquo;est-\u00e0-dire la mis\u00e9ricorde avec la virginit\u00e9,<br \/>\nOu bien encore l&rsquo;onction de la Fontaine sacr\u00e9e [du bapt\u00eame] (&#8230;).<\/p>\n<p>C&rsquo;est pourquoi les portes de la salle des noces<br \/>\nSont ferm\u00e9es \u00e0 moi aussi dans ma n\u00e9gligence.<br \/>\nMais ici-bas, tandis que je suis dans un corps,<br \/>\n\u00d4 Toi, mon \u00c9poux, \u00e9coute mon \u00e2me \u00e9pouse (&#8230;);<br \/>\nD\u00e8s maintenant je crie d&rsquo;une voix pitoyable :<br \/>\n\u00ab Ouvre-moi ta porte c\u00e9leste,<br \/>\nIntroduis-moi dans ta chambre nuptiale l\u00e0-haut,<br \/>\nRends-moi digne du saint baiser,<br \/>\nDe l&rsquo;\u00e9treinte pure et immacul\u00e9e.<br \/>\nQue je n&rsquo;entende pas la voix<br \/>\nQui r\u00e9pond ne pas me conna\u00eetre.<br \/>\nMais gr\u00e2ce \u00e0 ta lumi\u00e8re veuille allumer<br \/>\nLe flambeau \u00e9teint de mon esprit, \u00e0 moi l&rsquo;aveugle ! \u00bb<\/p>\n<h3 class=\"GospelCommentaryAuthor-name commentary-author font-2\">Saint Ners\u00e8s Snorhali (1102-1173)<\/h3>\n<p>&nbsp;<\/p>\n<p>&nbsp;<\/p>\n<p>&nbsp;<\/p>\n","protected":false},"excerpt":{"rendered":"<p>Je ne suis pas devenu sage (&#8230;), Comme l&rsquo;\u00e9taient les cinq vierges sages ; Le bien facile avec le difficile, Je ne l&rsquo;ai point acquis. Mais je suis devenu le dernier des insens\u00e9s En ne conservant pas de l&rsquo;huile pour ma lampe : C&rsquo;est-\u00e0-dire la mis\u00e9ricorde avec la virginit\u00e9, Ou bien encore l&rsquo;onction de la [&hellip;]<\/p>\n","protected":false},"author":2,"featured_media":0,"comment_status":"closed","ping_status":"closed","sticky":false,"template":"","format":"standard","meta":{"footnotes":""},"categories":[26],"tags":[1500,1175],"class_list":["post-23352","post","type-post","status-publish","format-standard","hentry","category-priere-des-ames","tag-st-nerses-snorhali","tag-veillez"],"_links":{"self":[{"href":"https:\/\/www.associationdemarie.org\/blog\/wp-json\/wp\/v2\/posts\/23352","targetHints":{"allow":["GET"]}}],"collection":[{"href":"https:\/\/www.associationdemarie.org\/blog\/wp-json\/wp\/v2\/posts"}],"about":[{"href":"https:\/\/www.associationdemarie.org\/blog\/wp-json\/wp\/v2\/types\/post"}],"author":[{"embeddable":true,"href":"https:\/\/www.associationdemarie.org\/blog\/wp-json\/wp\/v2\/users\/2"}],"replies":[{"embeddable":true,"href":"https:\/\/www.associationdemarie.org\/blog\/wp-json\/wp\/v2\/comments?post=23352"}],"version-history":[{"count":1,"href":"https:\/\/www.associationdemarie.org\/blog\/wp-json\/wp\/v2\/posts\/23352\/revisions"}],"predecessor-version":[{"id":23354,"href":"https:\/\/www.associationdemarie.org\/blog\/wp-json\/wp\/v2\/posts\/23352\/revisions\/23354"}],"wp:attachment":[{"href":"https:\/\/www.associationdemarie.org\/blog\/wp-json\/wp\/v2\/media?parent=23352"}],"wp:term":[{"taxonomy":"category","embeddable":true,"href":"https:\/\/www.associationdemarie.org\/blog\/wp-json\/wp\/v2\/categories?post=23352"},{"taxonomy":"post_tag","embeddable":true,"href":"https:\/\/www.associationdemarie.org\/blog\/wp-json\/wp\/v2\/tags?post=23352"}],"curies":[{"name":"wp","href":"https:\/\/api.w.org\/{rel}","templated":true}]}}