{"id":23341,"date":"2023-08-29T01:30:20","date_gmt":"2023-08-29T00:30:20","guid":{"rendered":"http:\/\/www.associationdemarie.org\/blog\/?p=23341"},"modified":"2023-08-14T17:33:04","modified_gmt":"2023-08-14T16:33:04","slug":"martyre-de-saint-jean-baptiste-m-6","status":"publish","type":"post","link":"https:\/\/www.associationdemarie.org\/blog\/martyre-de-saint-jean-baptiste-m-6\/","title":{"rendered":"Martyre de Saint Jean-Baptiste (m)"},"content":{"rendered":"<p><img loading=\"lazy\" decoding=\"async\" class=\"aligncenter  wp-image-23342\" src=\"https:\/\/www.associationdemarie.org\/blog\/wp-content\/uploads\/2023\/08\/29-8-louange-zacharie.jpg\" alt=\"\" width=\"455\" height=\"287\" srcset=\"https:\/\/www.associationdemarie.org\/blog\/wp-content\/uploads\/2023\/08\/29-8-louange-zacharie.jpg 499w, https:\/\/www.associationdemarie.org\/blog\/wp-content\/uploads\/2023\/08\/29-8-louange-zacharie-300x189.jpg 300w\" sizes=\"auto, (max-width: 455px) 100vw, 455px\" \/><\/p>\n<p>Parmi les titres de gloire du saint et bienheureux Jean Baptiste, dont nous c\u00e9l\u00e9brons la f\u00eate aujourd&rsquo;hui, je ne sais auquel donner la pr\u00e9f\u00e9rence : \u00e0 sa naissance miraculeuse ou \u00e0 sa mort plus miraculeuse encore. Sa naissance a apport\u00e9 une proph\u00e9tie (Lc 1,67s), sa mort la v\u00e9rit\u00e9 ; sa naissance a annonc\u00e9 l&rsquo;arriv\u00e9e du Sauveur, sa mort a condamn\u00e9 l&rsquo;inceste d&rsquo;H\u00e9rode. Cet homme saint (&#8230;) a m\u00e9rit\u00e9 aux yeux de Dieu de ne pas dispara\u00eetre de la m\u00eame fa\u00e7on que les autres hommes de ce monde : il a quitt\u00e9 ce corps re\u00e7u du Seigneur en le confessant. Jean a accompli en tout la volont\u00e9 de Dieu, puisque sa vie comme sa mort correspondent \u00e0 ses desseins. (&#8230;)<\/p>\n<p>Il est encore au creux du ventre de sa m\u00e8re quand d\u00e9j\u00e0 il c\u00e9l\u00e8bre l&rsquo;arriv\u00e9e du Seigneur, par ses mouvements de joie, puisqu&rsquo;il ne pouvait pas le faire par la voix. \u00c9lisabeth dit \u00e0 la sainte Marie : \u00ab D\u00e8s l&rsquo;instant o\u00f9 ta salutation a frapp\u00e9 mes oreilles, l&rsquo;enfant a tressailli d&rsquo;all\u00e9gresse en mon sein \u00bb (Lc 1,44). Jean exulte donc avant de na\u00eetre, et avant que ses yeux ne reconnaissent \u00e0 quoi ressemble le monde, son esprit reconna\u00eet d\u00e9j\u00e0 celui qui en est le ma\u00eetre. Je pense que c&rsquo;est l\u00e0 le sens de la phrase du proph\u00e8te : \u00ab Avant m\u00eame de te former au ventre maternel, je t&rsquo;ai connu ; avant m\u00eame que tu sois sorti du sein, je t&rsquo;ai consacr\u00e9 \u00bb (Jr 1,5). Ne nous \u00e9tonnons donc pas si, enferm\u00e9 dans la prison o\u00f9 l&rsquo;avait fait mettre H\u00e9rode, il a continu\u00e9 \u00e0 pr\u00eacher le Christ par l&rsquo;interm\u00e9diaire de ses disciples (Mt 11,2), puisque, enferm\u00e9 qu&rsquo;il \u00e9tait dans le sein de sa m\u00e8re, il annon\u00e7ait d\u00e9j\u00e0 de ses tressaillements la venue du Seigneur.<\/p>\n<h3 class=\"GospelCommentaryAuthor-name commentary-author font-2\">Saint Maxime de Turin (?-v. 420)<\/h3>\n<p>&nbsp;<\/p>\n<p>&nbsp;<\/p>\n<p>&nbsp;<\/p>\n","protected":false},"excerpt":{"rendered":"<p>Parmi les titres de gloire du saint et bienheureux Jean Baptiste, dont nous c\u00e9l\u00e9brons la f\u00eate aujourd&rsquo;hui, je ne sais auquel donner la pr\u00e9f\u00e9rence : \u00e0 sa naissance miraculeuse ou \u00e0 sa mort plus miraculeuse encore. Sa naissance a apport\u00e9 une proph\u00e9tie (Lc 1,67s), sa mort la v\u00e9rit\u00e9 ; sa naissance a annonc\u00e9 l&rsquo;arriv\u00e9e du [&hellip;]<\/p>\n","protected":false},"author":2,"featured_media":0,"comment_status":"closed","ping_status":"closed","sticky":false,"template":"","format":"standard","meta":{"footnotes":""},"categories":[3,28],"tags":[647,1042,1513],"class_list":["post-23341","post","type-post","status-publish","format-standard","hentry","category-liturgique","category-saints-et-saintes","tag-martyr","tag-st-jean-baptiste","tag-st-maxime-de-turin"],"_links":{"self":[{"href":"https:\/\/www.associationdemarie.org\/blog\/wp-json\/wp\/v2\/posts\/23341","targetHints":{"allow":["GET"]}}],"collection":[{"href":"https:\/\/www.associationdemarie.org\/blog\/wp-json\/wp\/v2\/posts"}],"about":[{"href":"https:\/\/www.associationdemarie.org\/blog\/wp-json\/wp\/v2\/types\/post"}],"author":[{"embeddable":true,"href":"https:\/\/www.associationdemarie.org\/blog\/wp-json\/wp\/v2\/users\/2"}],"replies":[{"embeddable":true,"href":"https:\/\/www.associationdemarie.org\/blog\/wp-json\/wp\/v2\/comments?post=23341"}],"version-history":[{"count":2,"href":"https:\/\/www.associationdemarie.org\/blog\/wp-json\/wp\/v2\/posts\/23341\/revisions"}],"predecessor-version":[{"id":23344,"href":"https:\/\/www.associationdemarie.org\/blog\/wp-json\/wp\/v2\/posts\/23341\/revisions\/23344"}],"wp:attachment":[{"href":"https:\/\/www.associationdemarie.org\/blog\/wp-json\/wp\/v2\/media?parent=23341"}],"wp:term":[{"taxonomy":"category","embeddable":true,"href":"https:\/\/www.associationdemarie.org\/blog\/wp-json\/wp\/v2\/categories?post=23341"},{"taxonomy":"post_tag","embeddable":true,"href":"https:\/\/www.associationdemarie.org\/blog\/wp-json\/wp\/v2\/tags?post=23341"}],"curies":[{"name":"wp","href":"https:\/\/api.w.org\/{rel}","templated":true}]}}