{"id":23329,"date":"2023-08-25T01:28:55","date_gmt":"2023-08-25T00:28:55","guid":{"rendered":"http:\/\/www.associationdemarie.org\/blog\/?p=23329"},"modified":"2023-08-11T06:30:50","modified_gmt":"2023-08-11T05:30:50","slug":"tu-aimeras-le-seigneur-ton-dieu-et-ton-prochain-comme-toi-meme","status":"publish","type":"post","link":"https:\/\/www.associationdemarie.org\/blog\/tu-aimeras-le-seigneur-ton-dieu-et-ton-prochain-comme-toi-meme\/","title":{"rendered":"\u00ab Tu aimeras le Seigneur ton Dieu, et ton prochain comme toi-m\u00eame. \u00bb"},"content":{"rendered":"<p><img loading=\"lazy\" decoding=\"async\" class=\"aligncenter  wp-image-23330\" src=\"https:\/\/www.associationdemarie.org\/blog\/wp-content\/uploads\/2023\/08\/25-8.jpg\" alt=\"\" width=\"450\" height=\"232\" srcset=\"https:\/\/www.associationdemarie.org\/blog\/wp-content\/uploads\/2023\/08\/25-8.jpg 600w, https:\/\/www.associationdemarie.org\/blog\/wp-content\/uploads\/2023\/08\/25-8-300x155.jpg 300w\" sizes=\"auto, (max-width: 450px) 100vw, 450px\" \/><\/p>\n<p>[Sainte Catherine a entendu Dieu lui dire :] Je veux que tu saches qu&rsquo;il n&rsquo;est point de vertu et pareillement point de d\u00e9faut qui ne s&rsquo;exercent par le moyen du prochain. Qui demeure dans l&rsquo;inimiti\u00e9 vis-\u00e0-vis de moi, cause un dommage au prochain et \u00e0 lui-m\u00eame qui est son principal prochain. Et il lui fait tort soit en g\u00e9n\u00e9ral, soit en particulier. En g\u00e9n\u00e9ral, parce que vous \u00eates tenus d&rsquo;aimer votre prochain comme vous-m\u00eames, et cet amour vous fait un devoir de l&rsquo;assister par la pri\u00e8re, par la parole, par le conseil et de lui procurer tous les secours spirituels ou temporels suivant la mesure de ses besoins. Et si vous ne le pouvez faire r\u00e9ellement, parce que vous n&rsquo;en avez pas le moyen, tout au moins, devez-vous en avoir le d\u00e9sir.<\/p>\n<p>Mais si l&rsquo;on ne m&rsquo;aime pas, l&rsquo;on n&rsquo;aime pas non plus le prochain. Ne l&rsquo;aimant pas, on ne le secourt pas et du m\u00eame coup l&rsquo;on se fait tort \u00e0 soi-m\u00eame. On se prive de ma gr\u00e2ce, en m\u00eame temps que l&rsquo;on frustre le prochain, en ne lui donnant pas les pri\u00e8res et les pieux d\u00e9sirs que l&rsquo;on doit m&rsquo;offrir pour lui. Toute assistance pr\u00eat\u00e9e au prochain doit proc\u00e9der de la dilection que l&rsquo;on a pour lui pour l&rsquo;amour de moi.<\/p>\n<p>Pareillement peut-on dire qu&rsquo;il n&rsquo;est point de vice qui n&rsquo;atteigne le prochain ; car si l&rsquo;on ne m&rsquo;aime pas, l&rsquo;on ne saurait \u00eatre dans la charit\u00e9 qu&rsquo;on lui doit. Tous les maux proviennent de ce que l&rsquo;\u00e2me est priv\u00e9e de la charit\u00e9 envers moi et envers le prochain. Ne pouvant plus faire le bien, il s&rsquo;ensuit que l&rsquo;on fait le mal. Et contre qui fait-on ainsi le mal ? Contre soi-m\u00eame d&rsquo;abord et puis contre le prochain. Ce n&rsquo;est pas \u00e0 moi que l&rsquo;on fait du tort, car le mal ne saurait m&rsquo;atteindre, sinon en tant que je consid\u00e8re comme fait \u00e0 moi-m\u00eame ce qui est fait au prochain.<\/p>\n<h3 class=\"GospelCommentaryAuthor-name commentary-author font-2\">Sainte Catherine de Sienne (1347-1380)<\/h3>\n<p>&nbsp;<\/p>\n<p>&nbsp;<\/p>\n<p>&nbsp;<\/p>\n","protected":false},"excerpt":{"rendered":"<p>[Sainte Catherine a entendu Dieu lui dire :] Je veux que tu saches qu&rsquo;il n&rsquo;est point de vertu et pareillement point de d\u00e9faut qui ne s&rsquo;exercent par le moyen du prochain. Qui demeure dans l&rsquo;inimiti\u00e9 vis-\u00e0-vis de moi, cause un dommage au prochain et \u00e0 lui-m\u00eame qui est son principal prochain. Et il lui fait [&hellip;]<\/p>\n","protected":false},"author":2,"featured_media":0,"comment_status":"closed","ping_status":"closed","sticky":false,"template":"","format":"standard","meta":{"footnotes":""},"categories":[13,1261],"tags":[49,65,243,1089],"class_list":["post-23329","post","type-post","status-publish","format-standard","hentry","category-ecritures","category-enseignement-2","tag-aimez","tag-amour-et-paix","tag-commandements","tag-ste-catherine-de-sienne"],"_links":{"self":[{"href":"https:\/\/www.associationdemarie.org\/blog\/wp-json\/wp\/v2\/posts\/23329","targetHints":{"allow":["GET"]}}],"collection":[{"href":"https:\/\/www.associationdemarie.org\/blog\/wp-json\/wp\/v2\/posts"}],"about":[{"href":"https:\/\/www.associationdemarie.org\/blog\/wp-json\/wp\/v2\/types\/post"}],"author":[{"embeddable":true,"href":"https:\/\/www.associationdemarie.org\/blog\/wp-json\/wp\/v2\/users\/2"}],"replies":[{"embeddable":true,"href":"https:\/\/www.associationdemarie.org\/blog\/wp-json\/wp\/v2\/comments?post=23329"}],"version-history":[{"count":1,"href":"https:\/\/www.associationdemarie.org\/blog\/wp-json\/wp\/v2\/posts\/23329\/revisions"}],"predecessor-version":[{"id":23331,"href":"https:\/\/www.associationdemarie.org\/blog\/wp-json\/wp\/v2\/posts\/23329\/revisions\/23331"}],"wp:attachment":[{"href":"https:\/\/www.associationdemarie.org\/blog\/wp-json\/wp\/v2\/media?parent=23329"}],"wp:term":[{"taxonomy":"category","embeddable":true,"href":"https:\/\/www.associationdemarie.org\/blog\/wp-json\/wp\/v2\/categories?post=23329"},{"taxonomy":"post_tag","embeddable":true,"href":"https:\/\/www.associationdemarie.org\/blog\/wp-json\/wp\/v2\/tags?post=23329"}],"curies":[{"name":"wp","href":"https:\/\/api.w.org\/{rel}","templated":true}]}}