{"id":23286,"date":"2023-08-12T01:02:15","date_gmt":"2023-08-12T00:02:15","guid":{"rendered":"http:\/\/www.associationdemarie.org\/blog\/?p=23286"},"modified":"2023-07-29T07:04:11","modified_gmt":"2023-07-29T06:04:11","slug":"deplacer-les-montagnes-par-la-sainte-croix","status":"publish","type":"post","link":"https:\/\/www.associationdemarie.org\/blog\/deplacer-les-montagnes-par-la-sainte-croix\/","title":{"rendered":"D\u00e9placer les montagnes par la sainte Croix"},"content":{"rendered":"<p><img loading=\"lazy\" decoding=\"async\" class=\"wp-image-23287 aligncenter\" src=\"https:\/\/www.associationdemarie.org\/blog\/wp-content\/uploads\/2023\/07\/12-8.png\" alt=\"\" width=\"386\" height=\"217\" srcset=\"https:\/\/www.associationdemarie.org\/blog\/wp-content\/uploads\/2023\/07\/12-8.png 650w, https:\/\/www.associationdemarie.org\/blog\/wp-content\/uploads\/2023\/07\/12-8-300x168.png 300w\" sizes=\"auto, (max-width: 386px) 100vw, 386px\" \/><\/p>\n<p>Notre doux Sauveur a dit : \u00ab Si vous aviez de la foi, gros comme un grain de s\u00e9nev\u00e9, vous diriez \u00e0 cette montagne : Avance, et elle avancerait \u00bb (cf. Mt 17,19).<\/p>\n<p>Oui, mon tr\u00e8s cher P\u00e8re, je crois que c&rsquo;est la v\u00e9rit\u00e9 ; car, lorsque l&rsquo;\u00e2me fid\u00e8le met toute sa foi et son esp\u00e9rance sur le bois de la tr\u00e8s sainte Croix, o\u00f9 nous trouvons l&rsquo;Agneau consum\u00e9 par le feu de la divine charit\u00e9, elle acquiert une foi si grande, qu&rsquo;il n&rsquo;y aura pas de montagne, c&rsquo;est-\u00e0-dire de p\u00e9ch\u00e9, montagne d&rsquo;orgueil, d&rsquo;ignorance, ou de n\u00e9gligence, qu&rsquo;elle ne puisse d\u00e9placer par la vertu de la tr\u00e8s sainte Croix. Notre volont\u00e9 fera aller cette montagne du vice \u00e0 la vertu, de la n\u00e9gligence au z\u00e8le, de l&rsquo;orgueil \u00e0 la vraie et parfaite humilit\u00e9. En contemplant Dieu abaiss\u00e9 jusqu&rsquo;\u00e0 l&rsquo;homme, nous soul\u00e8verons la montagne de l&rsquo;ignorance, et nous nous humilierons dans la vraie et parfaite connaissance de nous-m\u00eames ; nous verrons que nous ne sommes rien, et que nous ne faisons que des \u0153uvres de n\u00e9ant. Alors l&rsquo;\u00e2me trouve en elle les preuves de la bont\u00e9 de Dieu et de son ardent amour ; elle voit qu&rsquo;elle en est aim\u00e9e avant m\u00eame d&rsquo;\u00eatre cr\u00e9\u00e9e (\u2026).<\/p>\n<p>L&rsquo;\u00e2me prouve ainsi que sa foi est vivante, et non pas morte ; elle montre qu&rsquo;elle a conform\u00e9 sa volont\u00e9 \u00e0 celle de Dieu. Elle a command\u00e9 aux montagnes de se lever, et les montagnes se sont lev\u00e9es ; elle est devenue puissante en se r\u00e9glant sur la sainte volont\u00e9 de Dieu.<\/p>\n<h3 class=\"GospelCommentaryAuthor-name commentary-author font-2\">Sainte Catherine de Sienne (1347-1380)<\/h3>\n<p>&nbsp;<\/p>\n<p>&nbsp;<\/p>\n<p>&nbsp;<\/p>\n","protected":false},"excerpt":{"rendered":"<p>Notre doux Sauveur a dit : \u00ab Si vous aviez de la foi, gros comme un grain de s\u00e9nev\u00e9, vous diriez \u00e0 cette montagne : Avance, et elle avancerait \u00bb (cf. Mt 17,19). Oui, mon tr\u00e8s cher P\u00e8re, je crois que c&rsquo;est la v\u00e9rit\u00e9 ; car, lorsque l&rsquo;\u00e2me fid\u00e8le met toute sa foi et son [&hellip;]<\/p>\n","protected":false},"author":2,"featured_media":0,"comment_status":"closed","ping_status":"closed","sticky":false,"template":"","format":"standard","meta":{"footnotes":""},"categories":[13,1261],"tags":[274,425,933],"class_list":["post-23286","post","type-post","status-publish","format-standard","hentry","category-ecritures","category-enseignement-2","tag-croix","tag-foi","tag-sainte-catherine-de-sienne"],"_links":{"self":[{"href":"https:\/\/www.associationdemarie.org\/blog\/wp-json\/wp\/v2\/posts\/23286","targetHints":{"allow":["GET"]}}],"collection":[{"href":"https:\/\/www.associationdemarie.org\/blog\/wp-json\/wp\/v2\/posts"}],"about":[{"href":"https:\/\/www.associationdemarie.org\/blog\/wp-json\/wp\/v2\/types\/post"}],"author":[{"embeddable":true,"href":"https:\/\/www.associationdemarie.org\/blog\/wp-json\/wp\/v2\/users\/2"}],"replies":[{"embeddable":true,"href":"https:\/\/www.associationdemarie.org\/blog\/wp-json\/wp\/v2\/comments?post=23286"}],"version-history":[{"count":1,"href":"https:\/\/www.associationdemarie.org\/blog\/wp-json\/wp\/v2\/posts\/23286\/revisions"}],"predecessor-version":[{"id":23288,"href":"https:\/\/www.associationdemarie.org\/blog\/wp-json\/wp\/v2\/posts\/23286\/revisions\/23288"}],"wp:attachment":[{"href":"https:\/\/www.associationdemarie.org\/blog\/wp-json\/wp\/v2\/media?parent=23286"}],"wp:term":[{"taxonomy":"category","embeddable":true,"href":"https:\/\/www.associationdemarie.org\/blog\/wp-json\/wp\/v2\/categories?post=23286"},{"taxonomy":"post_tag","embeddable":true,"href":"https:\/\/www.associationdemarie.org\/blog\/wp-json\/wp\/v2\/tags?post=23286"}],"curies":[{"name":"wp","href":"https:\/\/api.w.org\/{rel}","templated":true}]}}