{"id":23275,"date":"2023-08-09T01:16:38","date_gmt":"2023-08-09T00:16:38","guid":{"rendered":"http:\/\/www.associationdemarie.org\/blog\/?p=23275"},"modified":"2023-07-26T07:18:41","modified_gmt":"2023-07-26T06:18:41","slug":"fete-de-sainte-therese-benedicte-de-la-croix-edith-stein-vierge-et-martyre-copatronne-de-leurope-5","status":"publish","type":"post","link":"https:\/\/www.associationdemarie.org\/blog\/fete-de-sainte-therese-benedicte-de-la-croix-edith-stein-vierge-et-martyre-copatronne-de-leurope-5\/","title":{"rendered":"F\u00eate de sainte Th\u00e9r\u00e8se-B\u00e9n\u00e9dicte de la Croix (\u00c9dith Stein), vierge et martyre, copatronne de l&rsquo;Europe"},"content":{"rendered":"<p><img loading=\"lazy\" decoding=\"async\" class=\"aligncenter  wp-image-23276\" src=\"https:\/\/www.associationdemarie.org\/blog\/wp-content\/uploads\/2023\/07\/9-8.jpg\" alt=\"\" width=\"449\" height=\"298\" srcset=\"https:\/\/www.associationdemarie.org\/blog\/wp-content\/uploads\/2023\/07\/9-8.jpg 512w, https:\/\/www.associationdemarie.org\/blog\/wp-content\/uploads\/2023\/07\/9-8-300x199.jpg 300w\" sizes=\"auto, (max-width: 449px) 100vw, 449px\" \/><\/p>\n<p>Inexprimable est l\u2019enfantement d\u2019une conception sans semence, exempte de corruption la d\u00e9livrance d\u2019une m\u00e8re qui n\u2019a pas d\u2019\u00e9poux, car la naissance de Dieu r\u00e9nove les natures : c\u2019est pourquoi nous, toutes les g\u00e9n\u00e9rations, nous te magnifions selon la foi droite, M\u00e8re et \u00c9pouse de Dieu.<\/p>\n<p>\u00d4 mon Christ ami de l\u2019homme, mon Dieu de toute bont\u00e9, au milieu de la nuit, avant que la trompette, comme dit l\u2019\u00c9criture, ne retentisse ainsi : \u00ab Debout, l\u2019\u00c9poux est l\u00e0 \u00bb, purifie mon \u00e2me et mon esprit et donne-moi la force d\u2019aller \u00e0 ta rencontre avec les vierges sages.<\/p>\n<p>Lorsque les \u00e2mes de tes justes seront combl\u00e9es de joie \u2013 tandis que les p\u00e9cheurs g\u00e9missent et pleurent, que le feu court devant toi, que le Jugement est aux portes \u2013 et que tu para\u00eetras \u00e0 ton tour venant du ciel, alors \u00e9pargne-moi, \u00f4 Compatissant, aie piti\u00e9 de moi et sauve-moi.<\/p>\n<p>\u00d4 toi sans commencement, Incr\u00e9\u00e9, Fils de Dieu, Supr\u00eame D\u00e9it\u00e9, dans ta mis\u00e9ricorde, par les supplications de celle qui t\u2019a enfant\u00e9, aie piti\u00e9 de moi, sauve-moi et donne-moi la force de me tenir debout en ta pr\u00e9sence, sans fl\u00e9chir, jusqu\u2019au matin, pour me prosterner devant toi et te glorifier, toi mon Cr\u00e9ateur. Gloire au P\u00e8re et au Fils et au Saint Esprit.<\/p>\n<p>Nous te pr\u00e9sentons la salutation de l\u2019ange, Toute Pure, \u00f4 B\u00e9nie : \u00ab R\u00e9jouis-toi, toi qui as contenu le Dieu que rien ne peut contenir ; r\u00e9jouis-toi, toi qui l\u00e8ve la mal\u00e9diction et fais advenir la b\u00e9n\u00e9diction ; r\u00e9jouis-toi, toi qui seule as rouvert la porte du paradis. \u00bb<\/p>\n<h3 class=\"GospelCommentaryAuthor-name commentary-author font-2\">Livre d&rsquo;heures du Sina\u00ef (9e si\u00e8cle)<\/h3>\n<p>&nbsp;<\/p>\n<p>&nbsp;<\/p>\n","protected":false},"excerpt":{"rendered":"<p>Inexprimable est l\u2019enfantement d\u2019une conception sans semence, exempte de corruption la d\u00e9livrance d\u2019une m\u00e8re qui n\u2019a pas d\u2019\u00e9poux, car la naissance de Dieu r\u00e9nove les natures : c\u2019est pourquoi nous, toutes les g\u00e9n\u00e9rations, nous te magnifions selon la foi droite, M\u00e8re et \u00c9pouse de Dieu. \u00d4 mon Christ ami de l\u2019homme, mon Dieu de toute [&hellip;]<\/p>\n","protected":false},"author":2,"featured_media":0,"comment_status":"closed","ping_status":"closed","sticky":false,"template":"","format":"standard","meta":{"footnotes":""},"categories":[28],"tags":[987,1108],"class_list":["post-23275","post","type-post","status-publish","format-standard","hentry","category-saints-et-saintes","tag-sinai","tag-ste-therese-benedicte-de-la-croix"],"_links":{"self":[{"href":"https:\/\/www.associationdemarie.org\/blog\/wp-json\/wp\/v2\/posts\/23275","targetHints":{"allow":["GET"]}}],"collection":[{"href":"https:\/\/www.associationdemarie.org\/blog\/wp-json\/wp\/v2\/posts"}],"about":[{"href":"https:\/\/www.associationdemarie.org\/blog\/wp-json\/wp\/v2\/types\/post"}],"author":[{"embeddable":true,"href":"https:\/\/www.associationdemarie.org\/blog\/wp-json\/wp\/v2\/users\/2"}],"replies":[{"embeddable":true,"href":"https:\/\/www.associationdemarie.org\/blog\/wp-json\/wp\/v2\/comments?post=23275"}],"version-history":[{"count":1,"href":"https:\/\/www.associationdemarie.org\/blog\/wp-json\/wp\/v2\/posts\/23275\/revisions"}],"predecessor-version":[{"id":23277,"href":"https:\/\/www.associationdemarie.org\/blog\/wp-json\/wp\/v2\/posts\/23275\/revisions\/23277"}],"wp:attachment":[{"href":"https:\/\/www.associationdemarie.org\/blog\/wp-json\/wp\/v2\/media?parent=23275"}],"wp:term":[{"taxonomy":"category","embeddable":true,"href":"https:\/\/www.associationdemarie.org\/blog\/wp-json\/wp\/v2\/categories?post=23275"},{"taxonomy":"post_tag","embeddable":true,"href":"https:\/\/www.associationdemarie.org\/blog\/wp-json\/wp\/v2\/tags?post=23275"}],"curies":[{"name":"wp","href":"https:\/\/api.w.org\/{rel}","templated":true}]}}