{"id":23272,"date":"2023-08-08T01:21:16","date_gmt":"2023-08-08T00:21:16","guid":{"rendered":"http:\/\/www.associationdemarie.org\/blog\/?p=23272"},"modified":"2023-07-25T06:23:10","modified_gmt":"2023-07-25T05:23:10","slug":"au-milieu-de-la-mer-de-cette-vie-tends-moi-la-main-seigneur","status":"publish","type":"post","link":"https:\/\/www.associationdemarie.org\/blog\/au-milieu-de-la-mer-de-cette-vie-tends-moi-la-main-seigneur\/","title":{"rendered":"Au milieu de la mer de cette vie, tends-moi la main Seigneur !"},"content":{"rendered":"<p><img loading=\"lazy\" decoding=\"async\" class=\"aligncenter  wp-image-23273\" src=\"https:\/\/www.associationdemarie.org\/blog\/wp-content\/uploads\/2023\/07\/8-8.jpeg\" alt=\"\" width=\"477\" height=\"237\" srcset=\"https:\/\/www.associationdemarie.org\/blog\/wp-content\/uploads\/2023\/07\/8-8.jpeg 318w, https:\/\/www.associationdemarie.org\/blog\/wp-content\/uploads\/2023\/07\/8-8-300x149.jpeg 300w\" sizes=\"auto, (max-width: 477px) 100vw, 477px\" \/><\/p>\n<p>Le proph\u00e8te entendit ta venue, Seigneur, et fut saisi de crainte, \u00e0 la pens\u00e9e que tu allais \u00eatre enfant\u00e9 d\u2019une vierge et appara\u00eetre aux hommes, et il disait : \u00ab J\u2019ai entendu ce que tu as fait entendre et j\u2019ai \u00e9t\u00e9 saisi de crainte, gloire \u00e0 ta puissance ! \u00bb<\/p>\n<p>J\u2019ai p\u00e9ch\u00e9, j\u2019ai failli envers toi, j\u2019ai pouss\u00e9 \u00e0 bout ta majest\u00e9, \u00d4 seul Compatissant, et me suis enfonc\u00e9 dans l\u2019ab\u00eeme du d\u00e9sespoir ; mais montre-toi \u00e0 pr\u00e9sent au milieu de la nuit, \u00e0 moi aussi, comme jadis aux disciples cheminant sur la mer, \u00f4 Verbe, et donne-moi la divine s\u00e9r\u00e9nit\u00e9.<\/p>\n<p>Mon \u00e2me \u00e0 tout moment entre tes mains. Mon Dieu et mon secours, qui seul sonde les reins et les c\u0153urs, tu connais toutes mes r\u00e9flexions, tu connais les vagues, la temp\u00eate, le tumulte de mes pens\u00e9es ; mais je t\u2019ai vu marchant, maintenant encore, sur la mer agit\u00e9e de mon c\u0153ur.<\/p>\n<p>Voici que j\u2019ai d\u00e9sir\u00e9 tes pr\u00e9ceptes, dans ta justice fais-moi vivre. Pardonne, \u00f4 mon Cr\u00e9ateur, sois indulgent, toi qui m\u2019as fa\u00e7onn\u00e9, aie piti\u00e9 de moi, laisse-toi fl\u00e9chir, sois mis\u00e9ricordieux, sois compatissant, et puisque je suis au milieu de la mer de cette vie, tends-moi ta main r\u00e9ellement divine et, comme Pierre, rel\u00e8ve-moi. Gloire au P\u00e8re et au Fils et au Saint Esprit.<\/p>\n<p>Jadis le Proph\u00e8te t\u2019a vu \u00e0 l\u2019avance, Jeune Fille, comme un cand\u00e9labre \u00e0 sept flammes, portant le feu de la connaissance de Dieu, en le faisant briller sur ceux qui sont en p\u00e9ril dans les t\u00e9n\u00e8bres de l\u2019ignorance, \u00f4 Toute Immacul\u00e9e, et c\u2019est pourquoi je crie vers toi : \u00ab \u00c9claire-moi, je t\u2019en prie. \u00bb<\/p>\n<h3 class=\"GospelCommentaryAuthor-name commentary-author font-2\">Livre d&rsquo;heures du Sina\u00ef (9e si\u00e8cle)<\/h3>\n<p>&nbsp;<\/p>\n<p>&nbsp;<\/p>\n<p>&nbsp;<\/p>\n","protected":false},"excerpt":{"rendered":"<p>Le proph\u00e8te entendit ta venue, Seigneur, et fut saisi de crainte, \u00e0 la pens\u00e9e que tu allais \u00eatre enfant\u00e9 d\u2019une vierge et appara\u00eetre aux hommes, et il disait : \u00ab J\u2019ai entendu ce que tu as fait entendre et j\u2019ai \u00e9t\u00e9 saisi de crainte, gloire \u00e0 ta puissance ! \u00bb J\u2019ai p\u00e9ch\u00e9, j\u2019ai failli envers [&hellip;]<\/p>\n","protected":false},"author":2,"featured_media":0,"comment_status":"closed","ping_status":"closed","sticky":false,"template":"","format":"standard","meta":{"footnotes":""},"categories":[13,1261,26],"tags":[987],"class_list":["post-23272","post","type-post","status-publish","format-standard","hentry","category-ecritures","category-enseignement-2","category-priere-des-ames","tag-sinai"],"_links":{"self":[{"href":"https:\/\/www.associationdemarie.org\/blog\/wp-json\/wp\/v2\/posts\/23272","targetHints":{"allow":["GET"]}}],"collection":[{"href":"https:\/\/www.associationdemarie.org\/blog\/wp-json\/wp\/v2\/posts"}],"about":[{"href":"https:\/\/www.associationdemarie.org\/blog\/wp-json\/wp\/v2\/types\/post"}],"author":[{"embeddable":true,"href":"https:\/\/www.associationdemarie.org\/blog\/wp-json\/wp\/v2\/users\/2"}],"replies":[{"embeddable":true,"href":"https:\/\/www.associationdemarie.org\/blog\/wp-json\/wp\/v2\/comments?post=23272"}],"version-history":[{"count":1,"href":"https:\/\/www.associationdemarie.org\/blog\/wp-json\/wp\/v2\/posts\/23272\/revisions"}],"predecessor-version":[{"id":23274,"href":"https:\/\/www.associationdemarie.org\/blog\/wp-json\/wp\/v2\/posts\/23272\/revisions\/23274"}],"wp:attachment":[{"href":"https:\/\/www.associationdemarie.org\/blog\/wp-json\/wp\/v2\/media?parent=23272"}],"wp:term":[{"taxonomy":"category","embeddable":true,"href":"https:\/\/www.associationdemarie.org\/blog\/wp-json\/wp\/v2\/categories?post=23272"},{"taxonomy":"post_tag","embeddable":true,"href":"https:\/\/www.associationdemarie.org\/blog\/wp-json\/wp\/v2\/tags?post=23272"}],"curies":[{"name":"wp","href":"https:\/\/api.w.org\/{rel}","templated":true}]}}