{"id":23261,"date":"2023-08-05T01:53:16","date_gmt":"2023-08-05T00:53:16","guid":{"rendered":"http:\/\/www.associationdemarie.org\/blog\/?p=23261"},"modified":"2023-07-22T06:54:38","modified_gmt":"2023-07-22T05:54:38","slug":"precurseur-par-sa-vie-et-par-sa-mort-2","status":"publish","type":"post","link":"https:\/\/www.associationdemarie.org\/blog\/precurseur-par-sa-vie-et-par-sa-mort-2\/","title":{"rendered":"Pr\u00e9curseur par sa vie et par sa mort"},"content":{"rendered":"<p><img loading=\"lazy\" decoding=\"async\" class=\"aligncenter size-full wp-image-23262\" src=\"https:\/\/www.associationdemarie.org\/blog\/wp-content\/uploads\/2023\/07\/5-8-jean-baptiste.jpg\" alt=\"\" width=\"376\" height=\"402\" srcset=\"https:\/\/www.associationdemarie.org\/blog\/wp-content\/uploads\/2023\/07\/5-8-jean-baptiste.jpg 376w, https:\/\/www.associationdemarie.org\/blog\/wp-content\/uploads\/2023\/07\/5-8-jean-baptiste-281x300.jpg 281w\" sizes=\"auto, (max-width: 376px) 100vw, 376px\" \/><\/p>\n<p>Pr\u00e9curseur du Christ, Jean l&rsquo;a \u00e9t\u00e9 par sa naissance, par sa pr\u00e9dication, par son bapt\u00eame et par sa mort. (&#8230;) Peut-on trouver une seule vertu, un seul genre de saintet\u00e9, que le Pr\u00e9curseur n&rsquo;ait poss\u00e9d\u00e9 au plus haut degr\u00e9 ? Parmi les saints ermites, lequel s&rsquo;est jamais impos\u00e9 cette r\u00e8gle de n&rsquo;avoir pour nourriture que du miel sauvage ou ce mets immangeable : des sauterelles ! Certains renoncent au monde et fuient les hommes pour vivre saintement, mais Jean n&rsquo;est encore qu&rsquo;un enfant. (&#8230;) quand il s&rsquo;enfonce dans le d\u00e9sert et choisit r\u00e9solument d&rsquo;habiter dans la solitude. Il a renonc\u00e9 \u00e0 succ\u00e9der \u00e0 son p\u00e8re dans la charge de pr\u00eatre, afin de pouvoir annoncer en toute libert\u00e9 le Pr\u00eatre v\u00e9ritable et souverain. Les proph\u00e8tes ont pr\u00e9dit \u00e0 l&rsquo;avance la venue du Sauveur, les ap\u00f4tres et les autres enseignants de l&rsquo;\u00c9glise attestent que cette venue a r\u00e9ellement eu lieu, mais Jean le montre pr\u00e9sent parmi les hommes. Beaucoup ont gard\u00e9 la virginit\u00e9 et n&rsquo;ont pas souill\u00e9 la blancheur de leur v\u00eatement (cf Ap 14,4), mais Jean renonce \u00e0 toute compagnie humaine afin d&rsquo;arracher les convoitises de la chair jusqu&rsquo;\u00e0 leurs racines, et, plein de ferveur spirituelle, il habite parmi les b\u00eates sauvages.<\/p>\n<p>Jean pr\u00e9side m\u00eame au sein du ch\u0153ur \u00e9carlate des martyrs, comme leur ma\u00eetre \u00e0 tous : il a combattu vaillamment pour la v\u00e9rit\u00e9, et il est mort pour elle. Il est devenu le chef de tous ceux qui combattent pour le Christ, et, le premier de tous, il est all\u00e9 planter au ciel l&rsquo;\u00e9tendard triomphal du martyre.<\/p>\n<h3 class=\"GospelCommentaryAuthor-name commentary-author font-2\">Saint Pierre Damien (1007-1072)<\/h3>\n<p>&nbsp;<\/p>\n<p>&nbsp;<\/p>\n<p>&nbsp;<\/p>\n","protected":false},"excerpt":{"rendered":"<p>Pr\u00e9curseur du Christ, Jean l&rsquo;a \u00e9t\u00e9 par sa naissance, par sa pr\u00e9dication, par son bapt\u00eame et par sa mort. (&#8230;) Peut-on trouver une seule vertu, un seul genre de saintet\u00e9, que le Pr\u00e9curseur n&rsquo;ait poss\u00e9d\u00e9 au plus haut degr\u00e9 ? Parmi les saints ermites, lequel s&rsquo;est jamais impos\u00e9 cette r\u00e8gle de n&rsquo;avoir pour nourriture que [&hellip;]<\/p>\n","protected":false},"author":2,"featured_media":0,"comment_status":"closed","ping_status":"closed","sticky":false,"template":"","format":"standard","meta":{"footnotes":""},"categories":[28],"tags":[647,1042,1073],"class_list":["post-23261","post","type-post","status-publish","format-standard","hentry","category-saints-et-saintes","tag-martyr","tag-st-jean-baptiste","tag-st-pierre-damien"],"_links":{"self":[{"href":"https:\/\/www.associationdemarie.org\/blog\/wp-json\/wp\/v2\/posts\/23261","targetHints":{"allow":["GET"]}}],"collection":[{"href":"https:\/\/www.associationdemarie.org\/blog\/wp-json\/wp\/v2\/posts"}],"about":[{"href":"https:\/\/www.associationdemarie.org\/blog\/wp-json\/wp\/v2\/types\/post"}],"author":[{"embeddable":true,"href":"https:\/\/www.associationdemarie.org\/blog\/wp-json\/wp\/v2\/users\/2"}],"replies":[{"embeddable":true,"href":"https:\/\/www.associationdemarie.org\/blog\/wp-json\/wp\/v2\/comments?post=23261"}],"version-history":[{"count":1,"href":"https:\/\/www.associationdemarie.org\/blog\/wp-json\/wp\/v2\/posts\/23261\/revisions"}],"predecessor-version":[{"id":23263,"href":"https:\/\/www.associationdemarie.org\/blog\/wp-json\/wp\/v2\/posts\/23261\/revisions\/23263"}],"wp:attachment":[{"href":"https:\/\/www.associationdemarie.org\/blog\/wp-json\/wp\/v2\/media?parent=23261"}],"wp:term":[{"taxonomy":"category","embeddable":true,"href":"https:\/\/www.associationdemarie.org\/blog\/wp-json\/wp\/v2\/categories?post=23261"},{"taxonomy":"post_tag","embeddable":true,"href":"https:\/\/www.associationdemarie.org\/blog\/wp-json\/wp\/v2\/tags?post=23261"}],"curies":[{"name":"wp","href":"https:\/\/api.w.org\/{rel}","templated":true}]}}