{"id":23245,"date":"2023-07-31T01:56:09","date_gmt":"2023-07-31T00:56:09","guid":{"rendered":"http:\/\/www.associationdemarie.org\/blog\/?p=23245"},"modified":"2023-07-17T06:57:58","modified_gmt":"2023-07-17T05:57:58","slug":"jusqua-ce-que-toute-la-pate-ait-leve-4","status":"publish","type":"post","link":"https:\/\/www.associationdemarie.org\/blog\/jusqua-ce-que-toute-la-pate-ait-leve-4\/","title":{"rendered":"\u00ab Jusqu&rsquo;\u00e0 ce que toute la p\u00e2te ait lev\u00e9. \u00bb"},"content":{"rendered":"<p><img loading=\"lazy\" decoding=\"async\" class=\"aligncenter  wp-image-23246\" src=\"https:\/\/www.associationdemarie.org\/blog\/wp-content\/uploads\/2023\/07\/31-7.jpg\" alt=\"\" width=\"513\" height=\"307\" srcset=\"https:\/\/www.associationdemarie.org\/blog\/wp-content\/uploads\/2023\/07\/31-7.jpg 640w, https:\/\/www.associationdemarie.org\/blog\/wp-content\/uploads\/2023\/07\/31-7-300x180.jpg 300w\" sizes=\"auto, (max-width: 513px) 100vw, 513px\" \/><\/p>\n<p>Depuis la transgression d&rsquo;Adam, les pens\u00e9es de l&rsquo;\u00e2me se sont dispers\u00e9es loin de l&rsquo;amour de Dieu, vers le monde pr\u00e9sent, et elles s&rsquo;y sont m\u00eal\u00e9es \u00e0 des pens\u00e9es mat\u00e9rielles et terrestres. Car Adam, par sa transgression, a re\u00e7u en lui le levain des tendances mauvaises, et ainsi, par participation, tous ceux qui sont n\u00e9s de lui et toute la race d&rsquo;Adam a eu une part de ce levain. Ensuite, les dispositions mauvaises ont cr\u00fb et se sont d\u00e9velopp\u00e9es parmi les hommes, au point qu&rsquo;ils en sont arriv\u00e9s \u00e0 toutes sortes de d\u00e9sordres. Finalement, l&rsquo;humanit\u00e9 enti\u00e8re a \u00e9t\u00e9 p\u00e9n\u00e9tr\u00e9e du levain de la malice. (&#8230;)<\/p>\n<p>D&rsquo;une mani\u00e8re analogue, pendant son s\u00e9jour sur la terre, le Seigneur a bien voulu souffrir pour tous les hommes ; les racheter par son propre sang, introduire le levain c\u00e9leste de sa bont\u00e9 dans les \u00e2mes croyantes humili\u00e9es sous le joug du p\u00e9ch\u00e9. Il a bien voulu parfaire en elles la justice des pr\u00e9ceptes et toutes les vertus, jusqu&rsquo;\u00e0 ce que, p\u00e9n\u00e9tr\u00e9es de ce levain, elles soient unies dans le bien et forment \u00ab un seul esprit avec le Seigneur \u00bb, selon le mot de Paul (1Co 6,17). L&rsquo;\u00e2me qui est totalement p\u00e9n\u00e9tr\u00e9e du levain du Saint-Esprit ne peut m\u00eame plus avoir l&rsquo;id\u00e9e du mal et de la malice, comme il est \u00e9crit : \u00ab La charit\u00e9 ne pense rien de malhonn\u00eate \u00bb (1Co 13,5). Sans ce levain c\u00e9leste, autrement dit sans la puissance de l&rsquo;Esprit Saint, il est impossible que l&rsquo;\u00e2me soit p\u00e9trie de la douceur du Seigneur et parvienne \u00e0 la vraie vie.<\/p>\n<h3 class=\"GospelCommentaryAuthor-name commentary-author font-2\">Hom\u00e9lie attribu\u00e9e \u00e0 saint Macaire d&rsquo;\u00c9gypte (?-390)<\/h3>\n<p>&nbsp;<\/p>\n<p>&nbsp;<\/p>\n<p>&nbsp;<\/p>\n<p>&nbsp;<\/p>\n","protected":false},"excerpt":{"rendered":"<p>Depuis la transgression d&rsquo;Adam, les pens\u00e9es de l&rsquo;\u00e2me se sont dispers\u00e9es loin de l&rsquo;amour de Dieu, vers le monde pr\u00e9sent, et elles s&rsquo;y sont m\u00eal\u00e9es \u00e0 des pens\u00e9es mat\u00e9rielles et terrestres. Car Adam, par sa transgression, a re\u00e7u en lui le levain des tendances mauvaises, et ainsi, par participation, tous ceux qui sont n\u00e9s de [&hellip;]<\/p>\n","protected":false},"author":2,"featured_media":0,"comment_status":"closed","ping_status":"closed","sticky":false,"template":"","format":"standard","meta":{"footnotes":""},"categories":[16],"tags":[40,579,907,1056],"class_list":["post-23245","post","type-post","status-publish","format-standard","hentry","category-jardins-de-la-bible","tag-adam","tag-levain","tag-royaume-des-cieux","tag-st-macaire-degypte"],"_links":{"self":[{"href":"https:\/\/www.associationdemarie.org\/blog\/wp-json\/wp\/v2\/posts\/23245","targetHints":{"allow":["GET"]}}],"collection":[{"href":"https:\/\/www.associationdemarie.org\/blog\/wp-json\/wp\/v2\/posts"}],"about":[{"href":"https:\/\/www.associationdemarie.org\/blog\/wp-json\/wp\/v2\/types\/post"}],"author":[{"embeddable":true,"href":"https:\/\/www.associationdemarie.org\/blog\/wp-json\/wp\/v2\/users\/2"}],"replies":[{"embeddable":true,"href":"https:\/\/www.associationdemarie.org\/blog\/wp-json\/wp\/v2\/comments?post=23245"}],"version-history":[{"count":1,"href":"https:\/\/www.associationdemarie.org\/blog\/wp-json\/wp\/v2\/posts\/23245\/revisions"}],"predecessor-version":[{"id":23247,"href":"https:\/\/www.associationdemarie.org\/blog\/wp-json\/wp\/v2\/posts\/23245\/revisions\/23247"}],"wp:attachment":[{"href":"https:\/\/www.associationdemarie.org\/blog\/wp-json\/wp\/v2\/media?parent=23245"}],"wp:term":[{"taxonomy":"category","embeddable":true,"href":"https:\/\/www.associationdemarie.org\/blog\/wp-json\/wp\/v2\/categories?post=23245"},{"taxonomy":"post_tag","embeddable":true,"href":"https:\/\/www.associationdemarie.org\/blog\/wp-json\/wp\/v2\/tags?post=23245"}],"curies":[{"name":"wp","href":"https:\/\/api.w.org\/{rel}","templated":true}]}}