{"id":23237,"date":"2023-07-29T01:19:06","date_gmt":"2023-07-29T00:19:06","guid":{"rendered":"http:\/\/www.associationdemarie.org\/blog\/?p=23237"},"modified":"2023-07-15T07:21:15","modified_gmt":"2023-07-15T06:21:15","slug":"stes-marthe-marie-et-st-lazare-memoire","status":"publish","type":"post","link":"https:\/\/www.associationdemarie.org\/blog\/stes-marthe-marie-et-st-lazare-memoire\/","title":{"rendered":"Stes Marthe, Marie et St Lazare, m\u00e9moire"},"content":{"rendered":"<p><img loading=\"lazy\" decoding=\"async\" class=\"aligncenter  wp-image-23238\" src=\"https:\/\/www.associationdemarie.org\/blog\/wp-content\/uploads\/2023\/07\/29-7.jpg\" alt=\"\" width=\"459\" height=\"413\" srcset=\"https:\/\/www.associationdemarie.org\/blog\/wp-content\/uploads\/2023\/07\/29-7.jpg 800w, https:\/\/www.associationdemarie.org\/blog\/wp-content\/uploads\/2023\/07\/29-7-300x270.jpg 300w, https:\/\/www.associationdemarie.org\/blog\/wp-content\/uploads\/2023\/07\/29-7-768x691.jpg 768w\" sizes=\"auto, (max-width: 459px) 100vw, 459px\" \/><\/p>\n<p>\u00c9tant Dieu v\u00e9ritable, tu connaissais, Seigneur, le sommeil de Lazare et tu l&rsquo;as pr\u00e9dit \u00e0 tes disciples. (&#8230;) \u00c9tant dans la chair, toi qui es pourtant sans limite, tu viens \u00e0 B\u00e9thanie. Vrai homme, tu pleures sur Lazare ; vrai Dieu, par ta volont\u00e9 tu ressuscites ce mort de quatre jours. Aie piti\u00e9 de moi, Seigneur ; nombreuses sont mes transgressions. De l&rsquo;ab\u00eeme des maux, je t&rsquo;en supplie, ram\u00e8ne-moi. C&rsquo;est vers toi que j&rsquo;ai cri\u00e9 ; \u00e9coute-moi, Dieu de mon salut.<\/p>\n<p>Pleurant sur ton ami, dans ta compassion tu as mis fin aux larmes de Marthe, et par ta Passion volontaire tu as essuy\u00e9 toute larme du visage de ton peuple (Is 25,8). \u00ab Dieu de nos P\u00e8res, tu es b\u00e9ni. \u00bb (Esd 7,27) Gardien de la vie, tu as appel\u00e9 un mort comme s&rsquo;il dormait. Par une parole tu as d\u00e9chir\u00e9 le ventre des enfers et tu as ressuscit\u00e9 celui qui s&rsquo;est mis \u00e0 chanter : \u00ab Dieu de nos P\u00e8res, tu es b\u00e9ni \u00bb. Moi, \u00e9trangl\u00e9 par les liens de mes p\u00e9ch\u00e9s, rel\u00e8ve-moi aussi et je chanterai : \u00ab Dieu de nos P\u00e8res, tu es b\u00e9ni \u00bb. (&#8230;)<\/p>\n<p>Dans sa reconnaissance Marie t&rsquo;apporte, Seigneur, un vase de myrrhe comme un d\u00fb pour son fr\u00e8re (Jn 12,3), et elle te chante dans tous les si\u00e8cles. Comme mortel, tu invoques le P\u00e8re ; comme Dieu, tu r\u00e9veilles Lazare. C&rsquo;est pourquoi nous te chantons, \u00f4 Christ, pour les si\u00e8cles des si\u00e8cles. (&#8230;) Tu r\u00e9veilles Lazare, un mort de quatre jours ; tu le fais surgir du tombeau, le d\u00e9signant ainsi comme t\u00e9moin v\u00e9ridique de ta r\u00e9surrection le troisi\u00e8me jour. Tu marches, tu pleures, tu parles, mon Sauveur, montrant ta nature humaine ; mais en r\u00e9veillant Lazare tu r\u00e9v\u00e8les ta nature divine. De mani\u00e8re indicible, Seigneur mon Sauveur, selon tes deux natures, souverainement, tu as accompli mon salut.<\/p>\n<h3 class=\"GospelCommentaryAuthor-name commentary-author font-2\">Saint Jean de Damas (v. 675-749)<\/h3>\n<p>&nbsp;<\/p>\n<p>&nbsp;<\/p>\n<p>&nbsp;<\/p>\n<p>&nbsp;<\/p>\n","protected":false},"excerpt":{"rendered":"<p>\u00c9tant Dieu v\u00e9ritable, tu connaissais, Seigneur, le sommeil de Lazare et tu l&rsquo;as pr\u00e9dit \u00e0 tes disciples. (&#8230;) \u00c9tant dans la chair, toi qui es pourtant sans limite, tu viens \u00e0 B\u00e9thanie. Vrai homme, tu pleures sur Lazare ; vrai Dieu, par ta volont\u00e9 tu ressuscites ce mort de quatre jours. Aie piti\u00e9 de moi, [&hellip;]<\/p>\n","protected":false},"author":2,"featured_media":0,"comment_status":"closed","ping_status":"closed","sticky":false,"template":"","format":"standard","meta":{"footnotes":""},"categories":[28],"tags":[574,646,1044],"class_list":["post-23237","post","type-post","status-publish","format-standard","hentry","category-saints-et-saintes","tag-lazare","tag-marthe-et-marie","tag-st-jean-de-damas"],"_links":{"self":[{"href":"https:\/\/www.associationdemarie.org\/blog\/wp-json\/wp\/v2\/posts\/23237","targetHints":{"allow":["GET"]}}],"collection":[{"href":"https:\/\/www.associationdemarie.org\/blog\/wp-json\/wp\/v2\/posts"}],"about":[{"href":"https:\/\/www.associationdemarie.org\/blog\/wp-json\/wp\/v2\/types\/post"}],"author":[{"embeddable":true,"href":"https:\/\/www.associationdemarie.org\/blog\/wp-json\/wp\/v2\/users\/2"}],"replies":[{"embeddable":true,"href":"https:\/\/www.associationdemarie.org\/blog\/wp-json\/wp\/v2\/comments?post=23237"}],"version-history":[{"count":2,"href":"https:\/\/www.associationdemarie.org\/blog\/wp-json\/wp\/v2\/posts\/23237\/revisions"}],"predecessor-version":[{"id":23240,"href":"https:\/\/www.associationdemarie.org\/blog\/wp-json\/wp\/v2\/posts\/23237\/revisions\/23240"}],"wp:attachment":[{"href":"https:\/\/www.associationdemarie.org\/blog\/wp-json\/wp\/v2\/media?parent=23237"}],"wp:term":[{"taxonomy":"category","embeddable":true,"href":"https:\/\/www.associationdemarie.org\/blog\/wp-json\/wp\/v2\/categories?post=23237"},{"taxonomy":"post_tag","embeddable":true,"href":"https:\/\/www.associationdemarie.org\/blog\/wp-json\/wp\/v2\/tags?post=23237"}],"curies":[{"name":"wp","href":"https:\/\/api.w.org\/{rel}","templated":true}]}}