{"id":23221,"date":"2023-07-25T01:18:45","date_gmt":"2023-07-25T00:18:45","guid":{"rendered":"http:\/\/www.associationdemarie.org\/blog\/?p=23221"},"modified":"2023-07-11T06:20:50","modified_gmt":"2023-07-11T05:20:50","slug":"fete-de-saint-jacques-le-majeur-apotre-5","status":"publish","type":"post","link":"https:\/\/www.associationdemarie.org\/blog\/fete-de-saint-jacques-le-majeur-apotre-5\/","title":{"rendered":"F\u00eate de saint Jacques (le majeur), ap\u00f4tre"},"content":{"rendered":"<p><img loading=\"lazy\" decoding=\"async\" class=\"aligncenter  wp-image-23222\" src=\"https:\/\/www.associationdemarie.org\/blog\/wp-content\/uploads\/2023\/07\/25-7-saint-jacques.jpg\" alt=\"\" width=\"452\" height=\"282\" srcset=\"https:\/\/www.associationdemarie.org\/blog\/wp-content\/uploads\/2023\/07\/25-7-saint-jacques.jpg 800w, https:\/\/www.associationdemarie.org\/blog\/wp-content\/uploads\/2023\/07\/25-7-saint-jacques-300x188.jpg 300w, https:\/\/www.associationdemarie.org\/blog\/wp-content\/uploads\/2023\/07\/25-7-saint-jacques-768x480.jpg 768w\" sizes=\"auto, (max-width: 452px) 100vw, 452px\" \/><\/p>\n<p>L&rsquo;\u00c9vangile r\u00e9sume ainsi l&rsquo;appel du Christ \u00e0 Jacques et \u00e0 Jean, et la r\u00e9ponse des deux fr\u00e8res : \u00ab Laissant \u00e0 l&rsquo;heure m\u00eame leurs filets et leur p\u00e8re, ils le suivirent \u00bb (Mt 4, 22). C&rsquo;est peu, en apparence, mais beaucoup en r\u00e9alit\u00e9. Jacques, en effet, tout comme son fr\u00e8re, laissant son p\u00e8re Z\u00e9b\u00e9d\u00e9e dans la barque qui flottait pr\u00e8s du rivage (\u2026) noyait pour toujours dans les flots ses affections pass\u00e9es et remettait sans r\u00e9serve son avenir entre les mains du divin Ma\u00eetre. (\u2026)<\/p>\n<p>Avec son imp\u00e9tuosit\u00e9 g\u00e9n\u00e9reuse, Jacques avait bien d\u00e9but\u00e9 ; mais comment a-t-il continu\u00e9 ? L&rsquo;\u00c9vangile nous renseigne en quelques traits. De la part de J\u00e9sus, dont l\u2019amour ne change pas, il fut l\u2019objet d\u2019une sp\u00e9ciale pr\u00e9dilection. Lui, son fr\u00e8re Jean et Pierre, leur voisin et compagnon de p\u00eache, formaient une triade \u00e0 laquelle J\u00e9sus r\u00e9serva des faveurs singuli\u00e8res : ils furent les seuls t\u00e9moins (\u2026) de sa gloire dans la Transfiguration (Mt 17,1-8), de sa tristesse et de sa soumission dans l&rsquo;agonie de Geths\u00e9mani (Mc 14,33). Mais c&rsquo;est ici pr\u00e9cis\u00e9ment que Jacques manqua de fid\u00e9lit\u00e9 \u00e0 son divin Ma\u00eetre. Il l\u2019avait pourtant aim\u00e9 avec sinc\u00e9rit\u00e9 ; il l&rsquo;avait suivi avec ardeur ; et non sans raison J\u00e9sus avait donn\u00e9 aux deux fr\u00e8res, fils de Z\u00e9b\u00e9d\u00e9e le surnom de \u00ab fils du tonnerre \u00bb (Mc 3,17). Leur m\u00e8re, ambitieuse, (\u2026), avait un jour os\u00e9 qu\u00e9mander \u00e0 J\u00e9sus pour ses fils les premiers postes de son royaume. \u00c0 la question du Sauveur : \u00ab Pouvez-vous boire le calice que je boirai ? \u00bb les deux int\u00e9ress\u00e9s avaient de bonne foi r\u00e9pondu : \u00ab Nous le pouvons \u00bb (Mt 20,20-22).<\/p>\n<p>\u00d4 Jacques, ton fr\u00e8re Jean, l&rsquo;Ap\u00f4tre de l&rsquo;amour, sera au moins pr\u00e9sent sur le Calvaire ; mais toi, o\u00f9 seras-tu alors ? La d\u00e9fection commen\u00e7a \u00e0 Geths\u00e9mani, quand les trois ap\u00f4tres pr\u00e9f\u00e9r\u00e9s s&rsquo;attir\u00e8rent cette douloureuse plainte du Sauveur : \u00ab Ainsi, vous n&rsquo;avez pu veiller une heure avec moi ? \u00bb (Mt 26,40). (\u2026) Mais Saint Jacques but effectivement le calice que J\u00e9sus lui avait pr\u00e9dit (\u2026) : il mourut martyr (cf. Ac 12,12). La faiblesse de l\u2019abandon aux heures tristes de la Passion avait \u00e9t\u00e9 pardonn\u00e9e et oubli\u00e9e par le R\u00e9dempteur.<\/p>\n<h3 class=\"GospelCommentaryAuthor-name commentary-author font-2\">V\u00e9n\u00e9rable Pie XII<\/h3>\n<p>&nbsp;<\/p>\n<p>&nbsp;<\/p>\n<p>&nbsp;<\/p>\n","protected":false},"excerpt":{"rendered":"<p>L&rsquo;\u00c9vangile r\u00e9sume ainsi l&rsquo;appel du Christ \u00e0 Jacques et \u00e0 Jean, et la r\u00e9ponse des deux fr\u00e8res : \u00ab Laissant \u00e0 l&rsquo;heure m\u00eame leurs filets et leur p\u00e8re, ils le suivirent \u00bb (Mt 4, 22). C&rsquo;est peu, en apparence, mais beaucoup en r\u00e9alit\u00e9. Jacques, en effet, tout comme son fr\u00e8re, laissant son p\u00e8re Z\u00e9b\u00e9d\u00e9e dans [&hellip;]<\/p>\n","protected":false},"author":2,"featured_media":0,"comment_status":"closed","ping_status":"closed","sticky":false,"template":"","format":"standard","meta":{"footnotes":""},"categories":[28],"tags":[83,803,1040],"class_list":["post-23221","post","type-post","status-publish","format-standard","hentry","category-saints-et-saintes","tag-apotre","tag-pie-xii","tag-st-jacques"],"_links":{"self":[{"href":"https:\/\/www.associationdemarie.org\/blog\/wp-json\/wp\/v2\/posts\/23221","targetHints":{"allow":["GET"]}}],"collection":[{"href":"https:\/\/www.associationdemarie.org\/blog\/wp-json\/wp\/v2\/posts"}],"about":[{"href":"https:\/\/www.associationdemarie.org\/blog\/wp-json\/wp\/v2\/types\/post"}],"author":[{"embeddable":true,"href":"https:\/\/www.associationdemarie.org\/blog\/wp-json\/wp\/v2\/users\/2"}],"replies":[{"embeddable":true,"href":"https:\/\/www.associationdemarie.org\/blog\/wp-json\/wp\/v2\/comments?post=23221"}],"version-history":[{"count":2,"href":"https:\/\/www.associationdemarie.org\/blog\/wp-json\/wp\/v2\/posts\/23221\/revisions"}],"predecessor-version":[{"id":23224,"href":"https:\/\/www.associationdemarie.org\/blog\/wp-json\/wp\/v2\/posts\/23221\/revisions\/23224"}],"wp:attachment":[{"href":"https:\/\/www.associationdemarie.org\/blog\/wp-json\/wp\/v2\/media?parent=23221"}],"wp:term":[{"taxonomy":"category","embeddable":true,"href":"https:\/\/www.associationdemarie.org\/blog\/wp-json\/wp\/v2\/categories?post=23221"},{"taxonomy":"post_tag","embeddable":true,"href":"https:\/\/www.associationdemarie.org\/blog\/wp-json\/wp\/v2\/tags?post=23221"}],"curies":[{"name":"wp","href":"https:\/\/api.w.org\/{rel}","templated":true}]}}