{"id":23208,"date":"2023-07-21T01:46:45","date_gmt":"2023-07-21T00:46:45","guid":{"rendered":"http:\/\/www.associationdemarie.org\/blog\/?p=23208"},"modified":"2023-07-07T07:48:27","modified_gmt":"2023-07-07T06:48:27","slug":"le-fils-de-lhomme-est-maitre-du-sabbat-10","status":"publish","type":"post","link":"https:\/\/www.associationdemarie.org\/blog\/le-fils-de-lhomme-est-maitre-du-sabbat-10\/","title":{"rendered":"\u00ab Le Fils de l&rsquo;homme est ma\u00eetre du sabbat. \u00bb"},"content":{"rendered":"<p><img loading=\"lazy\" decoding=\"async\" class=\"aligncenter  wp-image-23209\" src=\"https:\/\/www.associationdemarie.org\/blog\/wp-content\/uploads\/2023\/07\/21-7-_maitre-sabbat.jpg\" alt=\"\" width=\"466\" height=\"260\" srcset=\"https:\/\/www.associationdemarie.org\/blog\/wp-content\/uploads\/2023\/07\/21-7-_maitre-sabbat.jpg 600w, https:\/\/www.associationdemarie.org\/blog\/wp-content\/uploads\/2023\/07\/21-7-_maitre-sabbat-300x168.jpg 300w\" sizes=\"auto, (max-width: 466px) 100vw, 466px\" \/><\/p>\n<p>Nous ne voyons pas que les paroles de la Gen\u00e8se : \u00ab Au jour du sabbat Dieu s&rsquo;est repos\u00e9 de ses \u0153uvres \u00bb se soient r\u00e9alis\u00e9es en ce septi\u00e8me jour de la cr\u00e9ation, ni m\u00eame qu&rsquo;elles se r\u00e9alisent aujourd&rsquo;hui. Nous voyons toujours Dieu au travail. Il n&rsquo;y a pas de sabbat o\u00f9 Dieu cesse de travailler, de jour o\u00f9 il ne \u00ab fasse para\u00eetre son soleil sur les bons et sur les m\u00e9chants et tomber la pluie sur les justes et sur les injustes \u00bb, o\u00f9 \u00ab il ne fasse pousser l&rsquo;herbe sur les montagnes et les plantes au service des hommes \u00bb (\u2026), o\u00f9 \u00ab il ne fasse mourir et ne fasse vivre. \u00bb<\/p>\n<p>Aussi, le Seigneur r\u00e9pond \u00e0 ceux qui l&rsquo;accusaient de travailler et de gu\u00e9rir le jour du sabbat : \u00ab Mon P\u00e8re travaille jusqu&rsquo;\u00e0 maintenant, et moi aussi je travaille. \u00bb Il montrait par l\u00e0 que, durant le temps de ce monde, il n&rsquo;y a pas de sabbat o\u00f9 Dieu se repose de veiller \u00e0 la marche du monde et aux destin\u00e9es du genre humain. (\u2026) Dans sa sagesse de Cr\u00e9ateur il ne cesse d&rsquo;exercer sur ses cr\u00e9atures sa providence et sa bienveillance \u00ab jusqu&rsquo;\u00e0 la fin du monde \u00bb. Donc le vrai sabbat o\u00f9 Dieu se reposera de tous ses travaux sera le monde futur, quand \u00ab douleur, tristesse et g\u00e9missements s&rsquo;enfuiront \u00bb, et que Dieu sera \u00ab tout en tous \u00bb.<\/p>\n<h3 class=\"GospelCommentaryAuthor-name commentary-author font-2\">Orig\u00e8ne (v. 185-253)<\/h3>\n<p>(R\u00e9f\u00e9rences bibliques : Gn 2,2; Mt 5,45; Ps 146,8; 1Sm 2,6; Jn 5,17; Mt 28,20; Is 35,10 LXX; Col 3,11)<\/p>\n<p>&nbsp;<\/p>\n<p>&nbsp;<\/p>\n","protected":false},"excerpt":{"rendered":"<p>Nous ne voyons pas que les paroles de la Gen\u00e8se : \u00ab Au jour du sabbat Dieu s&rsquo;est repos\u00e9 de ses \u0153uvres \u00bb se soient r\u00e9alis\u00e9es en ce septi\u00e8me jour de la cr\u00e9ation, ni m\u00eame qu&rsquo;elles se r\u00e9alisent aujourd&rsquo;hui. Nous voyons toujours Dieu au travail. Il n&rsquo;y a pas de sabbat o\u00f9 Dieu cesse de [&hellip;]<\/p>\n","protected":false},"author":2,"featured_media":0,"comment_status":"closed","ping_status":"closed","sticky":false,"template":"","format":"standard","meta":{"footnotes":""},"categories":[13,1261],"tags":[1382,742,911],"class_list":["post-23208","post","type-post","status-publish","format-standard","hentry","category-ecritures","category-enseignement-2","tag-ecritures","tag-origene","tag-sabbat"],"_links":{"self":[{"href":"https:\/\/www.associationdemarie.org\/blog\/wp-json\/wp\/v2\/posts\/23208","targetHints":{"allow":["GET"]}}],"collection":[{"href":"https:\/\/www.associationdemarie.org\/blog\/wp-json\/wp\/v2\/posts"}],"about":[{"href":"https:\/\/www.associationdemarie.org\/blog\/wp-json\/wp\/v2\/types\/post"}],"author":[{"embeddable":true,"href":"https:\/\/www.associationdemarie.org\/blog\/wp-json\/wp\/v2\/users\/2"}],"replies":[{"embeddable":true,"href":"https:\/\/www.associationdemarie.org\/blog\/wp-json\/wp\/v2\/comments?post=23208"}],"version-history":[{"count":1,"href":"https:\/\/www.associationdemarie.org\/blog\/wp-json\/wp\/v2\/posts\/23208\/revisions"}],"predecessor-version":[{"id":23210,"href":"https:\/\/www.associationdemarie.org\/blog\/wp-json\/wp\/v2\/posts\/23208\/revisions\/23210"}],"wp:attachment":[{"href":"https:\/\/www.associationdemarie.org\/blog\/wp-json\/wp\/v2\/media?parent=23208"}],"wp:term":[{"taxonomy":"category","embeddable":true,"href":"https:\/\/www.associationdemarie.org\/blog\/wp-json\/wp\/v2\/categories?post=23208"},{"taxonomy":"post_tag","embeddable":true,"href":"https:\/\/www.associationdemarie.org\/blog\/wp-json\/wp\/v2\/tags?post=23208"}],"curies":[{"name":"wp","href":"https:\/\/api.w.org\/{rel}","templated":true}]}}