{"id":232,"date":"2009-04-29T20:53:00","date_gmt":"2009-04-29T20:53:00","guid":{"rendered":"http:\/\/preprod.meltem-int.com\/marie\/blog\/?p=232"},"modified":"2009-04-29T20:53:00","modified_gmt":"2009-04-29T20:53:00","slug":"le-chapelet","status":"publish","type":"post","link":"https:\/\/www.associationdemarie.org\/blog\/le-chapelet\/","title":{"rendered":"le chapelet"},"content":{"rendered":"<p><em><img loading=\"lazy\" decoding=\"async\" class=\"alignright size-full wp-image-231\" title=\"chapelet\" src=\"https:\/\/www.associationdemarie.org\/blog\/wp-content\/uploads\/2009\/05\/chapelet.gif\" alt=\"chapelet\" width=\"65\" height=\"100\" \/>\u00ab\u00a0Il vous faut prendre votre chapelet et les \u00e9vangiles afin que par votre pri\u00e8re vous apportiez cette lueur de Paix et d\u2019Amour qui manque au peuple entier de la terre. Vous \u00eates tous fr\u00e8res en mon Fils, mais beaucoup ne reconnaissent pas Son sacrifice pour sauver l\u2019humanit\u00e9. Celle-ci va \u00e0 la d\u00e9rive pour votre plus grande perte ; il faut absolument vous r\u00e9unir en la pri\u00e8re et faire \u00e9clater le symbole de Paix repr\u00e9sent\u00e9 par la Colombe.\u00a0\u00bb<\/em><\/p>\n<p class=\"Sansinterligne\" style=\"margin: 0cm 0cm 0pt; text-indent: 35.4pt; text-align: justify;\">Marie M\u00e8re des hommes &#8211; avril 2003<\/p>\n","protected":false},"excerpt":{"rendered":"<p>\u00ab\u00a0Il vous faut prendre votre chapelet et les \u00e9vangiles afin que par votre pri\u00e8re vous apportiez cette lueur de Paix et d\u2019Amour qui manque au peuple entier de la terre. Vous \u00eates tous fr\u00e8res en mon Fils, mais beaucoup ne reconnaissent pas Son sacrifice pour sauver l\u2019humanit\u00e9. Celle-ci va \u00e0 la d\u00e9rive pour votre plus [&hellip;]<\/p>\n","protected":false},"author":2,"featured_media":0,"comment_status":"closed","ping_status":"closed","sticky":false,"template":"","format":"standard","meta":{"footnotes":""},"categories":[7],"tags":[62,202,241,389,757,830],"class_list":["post-232","post","type-post","status-publish","format-standard","hentry","category-careme-2009","tag-amour","tag-chapelet","tag-colombe","tag-evangile","tag-paix","tag-priere"],"_links":{"self":[{"href":"https:\/\/www.associationdemarie.org\/blog\/wp-json\/wp\/v2\/posts\/232","targetHints":{"allow":["GET"]}}],"collection":[{"href":"https:\/\/www.associationdemarie.org\/blog\/wp-json\/wp\/v2\/posts"}],"about":[{"href":"https:\/\/www.associationdemarie.org\/blog\/wp-json\/wp\/v2\/types\/post"}],"author":[{"embeddable":true,"href":"https:\/\/www.associationdemarie.org\/blog\/wp-json\/wp\/v2\/users\/2"}],"replies":[{"embeddable":true,"href":"https:\/\/www.associationdemarie.org\/blog\/wp-json\/wp\/v2\/comments?post=232"}],"version-history":[{"count":0,"href":"https:\/\/www.associationdemarie.org\/blog\/wp-json\/wp\/v2\/posts\/232\/revisions"}],"wp:attachment":[{"href":"https:\/\/www.associationdemarie.org\/blog\/wp-json\/wp\/v2\/media?parent=232"}],"wp:term":[{"taxonomy":"category","embeddable":true,"href":"https:\/\/www.associationdemarie.org\/blog\/wp-json\/wp\/v2\/categories?post=232"},{"taxonomy":"post_tag","embeddable":true,"href":"https:\/\/www.associationdemarie.org\/blog\/wp-json\/wp\/v2\/tags?post=232"}],"curies":[{"name":"wp","href":"https:\/\/api.w.org\/{rel}","templated":true}]}}