{"id":23155,"date":"2023-07-06T01:10:05","date_gmt":"2023-07-06T00:10:05","guid":{"rendered":"http:\/\/www.associationdemarie.org\/blog\/?p=23155"},"modified":"2023-06-22T07:12:20","modified_gmt":"2023-06-22T06:12:20","slug":"leve-toi-viens-ct-210","status":"publish","type":"post","link":"https:\/\/www.associationdemarie.org\/blog\/leve-toi-viens-ct-210\/","title":{"rendered":"\u00ab L\u00e8ve-toi, viens\u2026 \u00bb (Ct 2,10)"},"content":{"rendered":"<p><img loading=\"lazy\" decoding=\"async\" class=\"aligncenter  wp-image-23156\" src=\"https:\/\/www.associationdemarie.org\/blog\/wp-content\/uploads\/2023\/06\/6-7.jpeg\" alt=\"\" width=\"494\" height=\"494\" srcset=\"https:\/\/www.associationdemarie.org\/blog\/wp-content\/uploads\/2023\/06\/6-7.jpeg 610w, https:\/\/www.associationdemarie.org\/blog\/wp-content\/uploads\/2023\/06\/6-7-150x150.jpeg 150w, https:\/\/www.associationdemarie.org\/blog\/wp-content\/uploads\/2023\/06\/6-7-300x300.jpeg 300w\" sizes=\"auto, (max-width: 494px) 100vw, 494px\" \/><\/p>\n<p>\u00ab L\u00e8ve-toi et viens\u2026 \u00bb (Ct 2,10) Il ne suffit pas de te relever de ta chute, dit [l\u2019\u00c9poux], avance et progresse dans le bien jusqu\u2019au bout de ta course vers la vertu. C\u2019est ce que nous enseigne l\u2019histoire du paralytique. Le Verbe ne se contente pas de lui faire soulever son lit, mais lui enjoint de marcher (Mt 9,5) : le mouvement de la marche signifie, je pense, la progression et la croissance dans le bien.<\/p>\n<p>\u00ab L\u00e8ve-toi, viens \u00bb : quelle puissance dans cet ordre ! La voix de Dieu est v\u00e9ritablement une voix de puissance, comme dit le psalmiste : \u00ab Voici qu\u2019il \u00e9l\u00e8ve la voix, voix de puissance \u00bb (Ps 67,34), et : \u00ab Lui parle, ceci est. Lui commande, ceci existe. \u00bb (Ps 32,9) Dans notre texte aussi il dit \u00e0 celle qui est couch\u00e9e : \u00ab L\u00e8ve-toi, viens \u00bb ; et sans d\u00e9lai sa parole devient acte. Car \u00e0 peine a-t-elle re\u00e7u la puissance du Verbe qu\u2019elle t\u00e9moigne le Verbe lui-m\u00eame qui l\u2019appelle, quand il dit : \u00ab L\u00e8ve-toi, viens, ma bien-aim\u00e9e, ma belle, ma colombe \u00bb (cf. Ct 2,13-14). (\u2026)<\/p>\n<p>De m\u00eame que l\u2019\u00c9pouse avait pris l\u2019apparence du serpent, lorsqu\u2019elle gisait \u00e0 terre et fixait les yeux sur lui, de m\u00eame, d\u00e8s qu\u2019elle s\u2019est lev\u00e9e et a tourn\u00e9 son visage vers le Bien en tournant le dos au mal, elle prend l\u2019apparence de ce vers quoi elle s\u2019est tourn\u00e9e. Elle se tourne vers la beaut\u00e9 arch\u00e9type : c\u2019est pourquoi, s\u2019approchant de la lumi\u00e8re, elle devient lumi\u00e8re. Et dans la lumi\u00e8re, elle r\u00e9fl\u00e9chit la belle forme de la colombe, je veux dire de cette colombe dont la forme r\u00e9v\u00e8le la pr\u00e9sence de l\u2019Esprit Saint.<\/p>\n<h3 class=\"GospelCommentaryAuthor-name commentary-author font-2\">Saint Gr\u00e9goire de Nysse (v. 335-395)<\/h3>\n<p>&nbsp;<\/p>\n<p>&nbsp;<\/p>\n<p>&nbsp;<\/p>\n<p>&nbsp;<\/p>\n","protected":false},"excerpt":{"rendered":"<p>\u00ab L\u00e8ve-toi et viens\u2026 \u00bb (Ct 2,10) Il ne suffit pas de te relever de ta chute, dit [l\u2019\u00c9poux], avance et progresse dans le bien jusqu\u2019au bout de ta course vers la vertu. C\u2019est ce que nous enseigne l\u2019histoire du paralytique. Le Verbe ne se contente pas de lui faire soulever son lit, mais lui [&hellip;]<\/p>\n","protected":false},"author":2,"featured_media":0,"comment_status":"closed","ping_status":"closed","sticky":false,"template":"","format":"standard","meta":{"footnotes":""},"categories":[13,1261],"tags":[241,676,1484],"class_list":["post-23155","post","type-post","status-publish","format-standard","hentry","category-ecritures","category-enseignement-2","tag-colombe","tag-miracle","tag-st-gregoire-de-nysse"],"_links":{"self":[{"href":"https:\/\/www.associationdemarie.org\/blog\/wp-json\/wp\/v2\/posts\/23155","targetHints":{"allow":["GET"]}}],"collection":[{"href":"https:\/\/www.associationdemarie.org\/blog\/wp-json\/wp\/v2\/posts"}],"about":[{"href":"https:\/\/www.associationdemarie.org\/blog\/wp-json\/wp\/v2\/types\/post"}],"author":[{"embeddable":true,"href":"https:\/\/www.associationdemarie.org\/blog\/wp-json\/wp\/v2\/users\/2"}],"replies":[{"embeddable":true,"href":"https:\/\/www.associationdemarie.org\/blog\/wp-json\/wp\/v2\/comments?post=23155"}],"version-history":[{"count":1,"href":"https:\/\/www.associationdemarie.org\/blog\/wp-json\/wp\/v2\/posts\/23155\/revisions"}],"predecessor-version":[{"id":23157,"href":"https:\/\/www.associationdemarie.org\/blog\/wp-json\/wp\/v2\/posts\/23155\/revisions\/23157"}],"wp:attachment":[{"href":"https:\/\/www.associationdemarie.org\/blog\/wp-json\/wp\/v2\/media?parent=23155"}],"wp:term":[{"taxonomy":"category","embeddable":true,"href":"https:\/\/www.associationdemarie.org\/blog\/wp-json\/wp\/v2\/categories?post=23155"},{"taxonomy":"post_tag","embeddable":true,"href":"https:\/\/www.associationdemarie.org\/blog\/wp-json\/wp\/v2\/tags?post=23155"}],"curies":[{"name":"wp","href":"https:\/\/api.w.org\/{rel}","templated":true}]}}