{"id":23134,"date":"2023-07-02T01:09:46","date_gmt":"2023-07-02T00:09:46","guid":{"rendered":"http:\/\/www.associationdemarie.org\/blog\/?p=23134"},"modified":"2023-06-18T07:11:39","modified_gmt":"2023-06-18T06:11:39","slug":"si-quelquun-veut-marcher-derriere-moi-quil-renonce-a-lui-meme-quil-prenne-sa-croix-et-quil-me-suive-3","status":"publish","type":"post","link":"https:\/\/www.associationdemarie.org\/blog\/si-quelquun-veut-marcher-derriere-moi-quil-renonce-a-lui-meme-quil-prenne-sa-croix-et-quil-me-suive-3\/","title":{"rendered":"\u00ab Si quelqu&rsquo;un veut marcher derri\u00e8re moi, qu&rsquo;il renonce \u00e0 lui-m\u00eame, qu&rsquo;il prenne sa croix et qu&rsquo;il me suive. \u00bb"},"content":{"rendered":"<p><img loading=\"lazy\" decoding=\"async\" class=\"aligncenter size-full wp-image-23135\" src=\"https:\/\/www.associationdemarie.org\/blog\/wp-content\/uploads\/2023\/06\/2-7.png\" alt=\"\" width=\"361\" height=\"512\" srcset=\"https:\/\/www.associationdemarie.org\/blog\/wp-content\/uploads\/2023\/06\/2-7.png 361w, https:\/\/www.associationdemarie.org\/blog\/wp-content\/uploads\/2023\/06\/2-7-212x300.png 212w\" sizes=\"auto, (max-width: 361px) 100vw, 361px\" \/><\/p>\n<p>Sur le chemin de la croix, le Sauveur n&rsquo;est pas seul, et il n&rsquo;est pas entour\u00e9 que d&rsquo;ennemis qui le harc\u00e8lent. Il y a aussi la pr\u00e9sence des \u00eatres qui le soutiennent : la M\u00e8re de Dieu, mod\u00e8le de ceux qui, en tout temps, suivent l&rsquo;exemple de la croix ; Simon de Cyr\u00e8ne, symbole de ceux qui acceptent une souffrance impos\u00e9e et qui, dans cette acceptation, sont b\u00e9nis ; et V\u00e9ronique, image de ceux que l&rsquo;amour porte \u00e0 servir le Seigneur. Chaque homme qui, dans la suite des temps, a port\u00e9 un lourd destin en se souvenant de la souffrance du Sauveur ou qui a librement fait \u0153uvre de p\u00e9nitence a rachet\u00e9 un peu de l&rsquo;\u00e9norme dette de l&rsquo;humanit\u00e9 et a aid\u00e9 le Seigneur \u00e0 porter son fardeau. Bien plus, c&rsquo;est le Christ, T\u00eate du Corps mystique, qui accomplit son \u0153uvre d&rsquo;expiation dans les membres qui se pr\u00eatent de tout leur \u00eatre, corps et \u00e2me, \u00e0 son \u0153uvre de r\u00e9demption.<\/p>\n<p>On peut supposer que la vision des fid\u00e8les qui allaient le suivre sur son chemin de souffrance a soutenu le Sauveur au jardin des Oliviers. Et l&rsquo;appui de ces porteurs de croix lui est un secours \u00e0 chacune de ses chutes. Ce sont les justes de l&rsquo;Ancienne Alliance qui l&rsquo;accompagnent entre la premi\u00e8re et la deuxi\u00e8me chute. Les disciples, hommes et femmes, qui se ralli\u00e8rent \u00e0 lui pendant sa vie terrestre sont ceux qui l&rsquo;aident de la deuxi\u00e8me \u00e0 la troisi\u00e8me station. Les amants de la Croix, qu&rsquo;il a \u00e9veill\u00e9s et qu&rsquo;il \u00e9veillera encore tout au long des vicissitudes de l&rsquo;\u00c9glise combattante, sont ses alli\u00e9s jusqu&rsquo;\u00e0 la fin des temps. C&rsquo;est \u00e0 cela que, nous aussi, nous sommes appel\u00e9es.<\/p>\n<h3 class=\"GospelCommentaryAuthor-name commentary-author font-2\">Sainte Th\u00e9r\u00e8se-B\u00e9n\u00e9dicte de la Croix [\u00c9dith Stein] (1891-1942)<\/h3>\n<p>&nbsp;<\/p>\n<p>&nbsp;<\/p>\n<p>&nbsp;<\/p>\n","protected":false},"excerpt":{"rendered":"<p>Sur le chemin de la croix, le Sauveur n&rsquo;est pas seul, et il n&rsquo;est pas entour\u00e9 que d&rsquo;ennemis qui le harc\u00e8lent. Il y a aussi la pr\u00e9sence des \u00eatres qui le soutiennent : la M\u00e8re de Dieu, mod\u00e8le de ceux qui, en tout temps, suivent l&rsquo;exemple de la croix ; Simon de Cyr\u00e8ne, symbole de [&hellip;]<\/p>\n","protected":false},"author":2,"featured_media":0,"comment_status":"closed","ping_status":"closed","sticky":false,"template":"","format":"standard","meta":{"footnotes":""},"categories":[13,1261],"tags":[274,305,1108],"class_list":["post-23134","post","type-post","status-publish","format-standard","hentry","category-ecritures","category-enseignement-2","tag-croix","tag-disciples","tag-ste-therese-benedicte-de-la-croix"],"_links":{"self":[{"href":"https:\/\/www.associationdemarie.org\/blog\/wp-json\/wp\/v2\/posts\/23134","targetHints":{"allow":["GET"]}}],"collection":[{"href":"https:\/\/www.associationdemarie.org\/blog\/wp-json\/wp\/v2\/posts"}],"about":[{"href":"https:\/\/www.associationdemarie.org\/blog\/wp-json\/wp\/v2\/types\/post"}],"author":[{"embeddable":true,"href":"https:\/\/www.associationdemarie.org\/blog\/wp-json\/wp\/v2\/users\/2"}],"replies":[{"embeddable":true,"href":"https:\/\/www.associationdemarie.org\/blog\/wp-json\/wp\/v2\/comments?post=23134"}],"version-history":[{"count":1,"href":"https:\/\/www.associationdemarie.org\/blog\/wp-json\/wp\/v2\/posts\/23134\/revisions"}],"predecessor-version":[{"id":23136,"href":"https:\/\/www.associationdemarie.org\/blog\/wp-json\/wp\/v2\/posts\/23134\/revisions\/23136"}],"wp:attachment":[{"href":"https:\/\/www.associationdemarie.org\/blog\/wp-json\/wp\/v2\/media?parent=23134"}],"wp:term":[{"taxonomy":"category","embeddable":true,"href":"https:\/\/www.associationdemarie.org\/blog\/wp-json\/wp\/v2\/categories?post=23134"},{"taxonomy":"post_tag","embeddable":true,"href":"https:\/\/www.associationdemarie.org\/blog\/wp-json\/wp\/v2\/tags?post=23134"}],"curies":[{"name":"wp","href":"https:\/\/api.w.org\/{rel}","templated":true}]}}