{"id":23114,"date":"2023-06-27T01:07:13","date_gmt":"2023-06-27T00:07:13","guid":{"rendered":"http:\/\/www.associationdemarie.org\/blog\/?p=23114"},"modified":"2023-06-13T07:09:13","modified_gmt":"2023-06-13T06:09:13","slug":"elle-est-etroite-la-porte-il-est-resserre-le-chemin-qui-conduit-a-la-vie-2","status":"publish","type":"post","link":"https:\/\/www.associationdemarie.org\/blog\/elle-est-etroite-la-porte-il-est-resserre-le-chemin-qui-conduit-a-la-vie-2\/","title":{"rendered":"\u00ab Elle est \u00e9troite la porte, il est resserr\u00e9 le chemin qui conduit \u00e0 la vie. \u00bb"},"content":{"rendered":"<p><img loading=\"lazy\" decoding=\"async\" class=\"aligncenter  wp-image-23115\" src=\"https:\/\/www.associationdemarie.org\/blog\/wp-content\/uploads\/2023\/06\/6-14.jpg\" alt=\"\" width=\"445\" height=\"297\" srcset=\"https:\/\/www.associationdemarie.org\/blog\/wp-content\/uploads\/2023\/06\/6-14.jpg 1152w, https:\/\/www.associationdemarie.org\/blog\/wp-content\/uploads\/2023\/06\/6-14-300x200.jpg 300w, https:\/\/www.associationdemarie.org\/blog\/wp-content\/uploads\/2023\/06\/6-14-768x512.jpg 768w, https:\/\/www.associationdemarie.org\/blog\/wp-content\/uploads\/2023\/06\/6-14-1024x683.jpg 1024w\" sizes=\"auto, (max-width: 445px) 100vw, 445px\" \/><\/p>\n<p>Je suis venu vous encourager dans la voie de l&rsquo;\u00c9vangile, une voie \u00e9troite certes, mais la voie royale, s\u00fbre, \u00e9prouv\u00e9e par des g\u00e9n\u00e9rations de chr\u00e9tiens, enseign\u00e9e par les saints. (&#8230;) C&rsquo;est la voie sur laquelle, tout comme vous, vos fr\u00e8res dans l&rsquo;\u00c9glise universelle s&rsquo;efforcent de cheminer. Cette voie ne passe pas par la r\u00e9signation, par les renoncements ou par les abandons. Elle ne se r\u00e9sout pas \u00e0 l&rsquo;affadissement du sens moral, et elle souhaiterait que la loi civile elle-m\u00eame aide \u00e0 \u00e9lever l&rsquo;homme. Elle ne cherche pas \u00e0 s&rsquo;enterrer, \u00e0 demeurer inaper\u00e7ue, mais elle requiert au contraire l&rsquo;audace joyeuse des ap\u00f4tres. Elle bannit donc la pusillanimit\u00e9, tout en se montrant parfaitement respectueuse \u00e0 l&rsquo;\u00e9gard de ceux qui ne partagent pas le m\u00eame id\u00e9al. (&#8230;)<\/p>\n<p>\u00ab Reconnais, \u00f4 chr\u00e9tien, ta dignit\u00e9 ! \u00bb disait le grand pape St L\u00e9on. Et moi, son indigne successeur, je vous dis \u00e0 vous, mes fr\u00e8res et mes s\u0153urs : Reconnaissez votre dignit\u00e9 ! Soyez fiers de votre foi, du don de l&rsquo;Esprit que le P\u00e8re vous a fait. Je viens parmi vous comme un pauvre, avec la seule richesse de la foi, p\u00e8lerin de l&rsquo;\u00c9vangile. Donnez \u00e0 l&rsquo;\u00c9glise et au monde l&rsquo;exemple de votre fid\u00e9lit\u00e9 sans faille et de votre z\u00e8le missionnaire. Ma visite chez vous veut \u00eatre (&#8230;) un appel \u00e0 un \u00e9lan nouveau devant les t\u00e2ches nombreuses qui s&rsquo;offrent \u00e0 vous.<\/p>\n<h3 class=\"GospelCommentaryAuthor-name commentary-author font-2\">Saint Jean-Paul II (1920-2005)<\/h3>\n<p>&nbsp;<\/p>\n<p>&nbsp;<\/p>\n<p>&nbsp;<\/p>\n","protected":false},"excerpt":{"rendered":"<p>Je suis venu vous encourager dans la voie de l&rsquo;\u00c9vangile, une voie \u00e9troite certes, mais la voie royale, s\u00fbre, \u00e9prouv\u00e9e par des g\u00e9n\u00e9rations de chr\u00e9tiens, enseign\u00e9e par les saints. (&#8230;) C&rsquo;est la voie sur laquelle, tout comme vous, vos fr\u00e8res dans l&rsquo;\u00c9glise universelle s&rsquo;efforcent de cheminer. Cette voie ne passe pas par la r\u00e9signation, par [&hellip;]<\/p>\n","protected":false},"author":2,"featured_media":0,"comment_status":"closed","ping_status":"closed","sticky":false,"template":"","format":"standard","meta":{"footnotes":""},"categories":[1261,14],"tags":[816,1253],"class_list":["post-23114","post","type-post","status-publish","format-standard","hentry","category-enseignement-2","category-groupe-prieres","tag-porte","tag-st-jean-paul-2"],"_links":{"self":[{"href":"https:\/\/www.associationdemarie.org\/blog\/wp-json\/wp\/v2\/posts\/23114","targetHints":{"allow":["GET"]}}],"collection":[{"href":"https:\/\/www.associationdemarie.org\/blog\/wp-json\/wp\/v2\/posts"}],"about":[{"href":"https:\/\/www.associationdemarie.org\/blog\/wp-json\/wp\/v2\/types\/post"}],"author":[{"embeddable":true,"href":"https:\/\/www.associationdemarie.org\/blog\/wp-json\/wp\/v2\/users\/2"}],"replies":[{"embeddable":true,"href":"https:\/\/www.associationdemarie.org\/blog\/wp-json\/wp\/v2\/comments?post=23114"}],"version-history":[{"count":1,"href":"https:\/\/www.associationdemarie.org\/blog\/wp-json\/wp\/v2\/posts\/23114\/revisions"}],"predecessor-version":[{"id":23116,"href":"https:\/\/www.associationdemarie.org\/blog\/wp-json\/wp\/v2\/posts\/23114\/revisions\/23116"}],"wp:attachment":[{"href":"https:\/\/www.associationdemarie.org\/blog\/wp-json\/wp\/v2\/media?parent=23114"}],"wp:term":[{"taxonomy":"category","embeddable":true,"href":"https:\/\/www.associationdemarie.org\/blog\/wp-json\/wp\/v2\/categories?post=23114"},{"taxonomy":"post_tag","embeddable":true,"href":"https:\/\/www.associationdemarie.org\/blog\/wp-json\/wp\/v2\/tags?post=23114"}],"curies":[{"name":"wp","href":"https:\/\/api.w.org\/{rel}","templated":true}]}}