{"id":23098,"date":"2023-06-22T01:30:19","date_gmt":"2023-06-22T00:30:19","guid":{"rendered":"http:\/\/www.associationdemarie.org\/blog\/?p=23098"},"modified":"2023-06-08T06:31:58","modified_gmt":"2023-06-08T05:31:58","slug":"que-la-volonte-de-dieu-saccomplisse-en-nous","status":"publish","type":"post","link":"https:\/\/www.associationdemarie.org\/blog\/que-la-volonte-de-dieu-saccomplisse-en-nous\/","title":{"rendered":"Que la volont\u00e9 de Dieu s\u2019accomplisse en nous !"},"content":{"rendered":"<p><img loading=\"lazy\" decoding=\"async\" class=\"aligncenter  wp-image-23099\" src=\"https:\/\/www.associationdemarie.org\/blog\/wp-content\/uploads\/2023\/06\/28-2-notre-Pere-992x1024.png\" alt=\"\" width=\"517\" height=\"533\" srcset=\"https:\/\/www.associationdemarie.org\/blog\/wp-content\/uploads\/2023\/06\/28-2-notre-Pere-992x1024.png 992w, https:\/\/www.associationdemarie.org\/blog\/wp-content\/uploads\/2023\/06\/28-2-notre-Pere-992x1024-291x300.png 291w, https:\/\/www.associationdemarie.org\/blog\/wp-content\/uploads\/2023\/06\/28-2-notre-Pere-992x1024-768x793.png 768w\" sizes=\"auto, (max-width: 517px) 100vw, 517px\" \/><\/p>\n<p>Aucun obstacle ne peut \u00e9videmment emp\u00eacher la volont\u00e9 de Dieu de s\u2019accomplir ; nous ne lui souhaitons pas davantage de succ\u00e8s dans l\u2019ex\u00e9cution de ses desseins, mais nous demandons que sa volont\u00e9 soit faite dans tous les hommes.<\/p>\n<p>Derri\u00e8re l\u2019image de chair et d\u2019esprit, c\u2019est nous-m\u00eames qui sommes d\u00e9sign\u00e9s par ciel et terre. Mais, m\u00eame au sens obvie, la nature de la demande reste la m\u00eame, c\u2019est-\u00e0-dire, que la volont\u00e9 de Dieu s\u2019accomplisse en nous sur la terre, afin qu\u2019elle puisse s\u2019accomplir en nous, dans le ciel. Or, la volont\u00e9 de Dieu, quelle est-elle, sinon que nous suivions les voies de son enseignement ? Nous le supplions donc de nous communiquer la substance et l\u2019\u00e9nergie de sa volont\u00e9, afin que nous soyons sauv\u00e9s sur la terre et dans les cieux, car sa volont\u00e9 essentielle est de sauver les enfants qu\u2019il a adopt\u00e9s. Cette volont\u00e9 de Dieu, le Seigneur l\u2019a r\u00e9alis\u00e9e par la parole, l\u2019action et la souffrance. Dans ce sens il a dit qu\u2019il faisait non pas sa volont\u00e9 mais celle de son P\u00e8re.<\/p>\n<p>Il n\u2019y a pas de doute qu\u2019il faisait non pas sa volont\u00e9 mais celle de son P\u00e8re ; tel est aussi l\u2019exemple qu\u2019il nous donne aujourd\u2019hui : pr\u00eacher, travailler, souffrir jusqu\u2019\u00e0 la mort. Pour l\u2019accomplir, nous avons besoin de la volont\u00e9 de Dieu. En disant : \u00ab Que ta volont\u00e9 soit faite \u00bb, nous nous f\u00e9licitons de ce que la volont\u00e9 de Dieu ne soit jamais un mal pour nous. De plus, nous nous encourageons nous-m\u00eames \u00e0 la souffrance par ces paroles. Le Seigneur, pour nous montrer, au milieu des angoisses de sa Passion, que la faiblesse de notre chair se trouvait dans la sienne, dit lui aussi : \u00ab P\u00e8re, \u00e9loigne ce calice. \u00bb Puis il se ravise : \u00ab Que ce ne soit pas ma volont\u00e9 qui se fasse, mais la tienne. \u00bb (Lc 22,42) Il \u00e9tait lui-m\u00eame la volont\u00e9 et la puissance du P\u00e8re ; mais pour nous apprendre \u00e0 payer la dette de la souffrance, il se remet tout entier \u00e0 la volont\u00e9 du P\u00e8re.<\/p>\n<h3 class=\"GospelCommentaryAuthor-name commentary-author font-2\">Tertullien (v. 155-v. 220)<\/h3>\n<p>&nbsp;<\/p>\n<p>&nbsp;<\/p>\n<p>&nbsp;<\/p>\n","protected":false},"excerpt":{"rendered":"<p>Aucun obstacle ne peut \u00e9videmment emp\u00eacher la volont\u00e9 de Dieu de s\u2019accomplir ; nous ne lui souhaitons pas davantage de succ\u00e8s dans l\u2019ex\u00e9cution de ses desseins, mais nous demandons que sa volont\u00e9 soit faite dans tous les hommes. Derri\u00e8re l\u2019image de chair et d\u2019esprit, c\u2019est nous-m\u00eames qui sommes d\u00e9sign\u00e9s par ciel et terre. Mais, m\u00eame [&hellip;]<\/p>\n","protected":false},"author":2,"featured_media":0,"comment_status":"closed","ping_status":"closed","sticky":false,"template":"","format":"standard","meta":{"footnotes":""},"categories":[27],"tags":[719,830,1427],"class_list":["post-23098","post","type-post","status-publish","format-standard","hentry","category-prieres","tag-notre-pere","tag-priere","tag-tertullien"],"_links":{"self":[{"href":"https:\/\/www.associationdemarie.org\/blog\/wp-json\/wp\/v2\/posts\/23098","targetHints":{"allow":["GET"]}}],"collection":[{"href":"https:\/\/www.associationdemarie.org\/blog\/wp-json\/wp\/v2\/posts"}],"about":[{"href":"https:\/\/www.associationdemarie.org\/blog\/wp-json\/wp\/v2\/types\/post"}],"author":[{"embeddable":true,"href":"https:\/\/www.associationdemarie.org\/blog\/wp-json\/wp\/v2\/users\/2"}],"replies":[{"embeddable":true,"href":"https:\/\/www.associationdemarie.org\/blog\/wp-json\/wp\/v2\/comments?post=23098"}],"version-history":[{"count":1,"href":"https:\/\/www.associationdemarie.org\/blog\/wp-json\/wp\/v2\/posts\/23098\/revisions"}],"predecessor-version":[{"id":23100,"href":"https:\/\/www.associationdemarie.org\/blog\/wp-json\/wp\/v2\/posts\/23098\/revisions\/23100"}],"wp:attachment":[{"href":"https:\/\/www.associationdemarie.org\/blog\/wp-json\/wp\/v2\/media?parent=23098"}],"wp:term":[{"taxonomy":"category","embeddable":true,"href":"https:\/\/www.associationdemarie.org\/blog\/wp-json\/wp\/v2\/categories?post=23098"},{"taxonomy":"post_tag","embeddable":true,"href":"https:\/\/www.associationdemarie.org\/blog\/wp-json\/wp\/v2\/tags?post=23098"}],"curies":[{"name":"wp","href":"https:\/\/api.w.org\/{rel}","templated":true}]}}