{"id":23095,"date":"2023-06-21T01:28:44","date_gmt":"2023-06-21T00:28:44","guid":{"rendered":"http:\/\/www.associationdemarie.org\/blog\/?p=23095"},"modified":"2023-06-07T06:30:20","modified_gmt":"2023-06-07T05:30:20","slug":"un-jeune-agreable-a-dieu","status":"publish","type":"post","link":"https:\/\/www.associationdemarie.org\/blog\/un-jeune-agreable-a-dieu\/","title":{"rendered":"Un je\u00fbne agr\u00e9able \u00e0 Dieu"},"content":{"rendered":"<p><img loading=\"lazy\" decoding=\"async\" class=\"aligncenter  wp-image-23096\" src=\"https:\/\/www.associationdemarie.org\/blog\/wp-content\/uploads\/2023\/06\/21-6-Jeune-et-priere.jpg\" alt=\"\" width=\"495\" height=\"279\" srcset=\"https:\/\/www.associationdemarie.org\/blog\/wp-content\/uploads\/2023\/06\/21-6-Jeune-et-priere.jpg 620w, https:\/\/www.associationdemarie.org\/blog\/wp-content\/uploads\/2023\/06\/21-6-Jeune-et-priere-300x169.jpg 300w\" sizes=\"auto, (max-width: 495px) 100vw, 495px\" \/><\/p>\n<p>Il y en a plus d\u2019un qui ne peuvent pas je\u00fbner, d\u2019autres qui sont tellement occup\u00e9s que souvent ils ont peine \u00e0 faire leur pri\u00e8re le matin et le soir, comment pourront-ils donc se sauver, puisqu\u2019il faut prier continuellement et qu\u2019il faut n\u00e9cessairement faire de bonnes \u0153uvres pour avoir le ciel ? \u2013 Puisque toutes nos bonnes \u0153uvres se r\u00e9duisent \u00e0 la pri\u00e8re, au je\u00fbne et \u00e0 l\u2019aum\u00f4ne, mes fr\u00e8res, nous pourrons facilement faire tout cela, comme vous aller le voir. (\u2026)<\/p>\n<p>Nous pratiquons un je\u00fbne qui est agr\u00e9able \u00e0 Dieu, toutes les fois que nous nous privons de quelque chose qu\u2019il nous ferait plaisir de faire, parce que le je\u00fbne ne consiste pas tout dans la privation du boire et du manger ; mais, de ce qui nous flatte le plus dans notre go\u00fbt ; les uns peuvent se mortifier dans la mani\u00e8re de s\u2019arranger, les autres dans les visites qu\u2019ils veulent faire aux amis qu\u2019ils aiment \u00e0 voir ; les autres, dans les paroles et les discours qu\u2019ils aiment \u00e0 tenir ; celui-ci fait un grand je\u00fbne, et qui est tr\u00e8s agr\u00e9able \u00e0 Dieu, quand il combat son amour-propre, son orgueil, sa r\u00e9pugnance \u00e0 faire ce qu\u2019il n\u2019aime pas faire, ou en \u00e9tant avec des personnes qui contrarient son caract\u00e8re, ses mani\u00e8res d\u2019agir. (\u2026) Oui, mes fr\u00e8res, si nous voulions bien nous y prendre, non seulement nous trouverions chaque jour de quoi pratiquer le je\u00fbne, mais encore, \u00e0 chaque instant de la journ\u00e9e.<\/p>\n<p>Mais, dites-moi, y a-t-il encore un je\u00fbne qui soit plus agr\u00e9able \u00e0 Dieu que de faire et de souffrir avec patience certaines choses qui souvent vous d\u00e9plaisent grandement ? Sans parler des maladies, des infirmit\u00e9s et tant d\u2019autres afflictions qui sont ins\u00e9parables de notre mis\u00e9rable vie, combien n\u2019avons-nous pas l\u2019occasion de nous mortifier en souffrant ce qui nous g\u00eane et nous r\u00e9pugne ? (\u2026) Eh bien ! Mes fr\u00e8res, si nous souffrons tout cela pour le bon Dieu, et uniquement pour lui plaire, ce sont l\u00e0 les je\u00fbnes les plus agr\u00e9ables \u00e0 Dieu et les plus m\u00e9ritants.<\/p>\n<h3 class=\"GospelCommentaryAuthor-name commentary-author font-2\">Saint Jean-Marie Vianney (1786-1859)<\/h3>\n<p class=\"GospelCommentaryAuthor-description commentary-short_description ng-star-inserted\">pr\u00eatre, cur\u00e9 d&rsquo;Ars<\/p>\n<p>&nbsp;<\/p>\n<p>&nbsp;<\/p>\n","protected":false},"excerpt":{"rendered":"<p>Il y en a plus d\u2019un qui ne peuvent pas je\u00fbner, d\u2019autres qui sont tellement occup\u00e9s que souvent ils ont peine \u00e0 faire leur pri\u00e8re le matin et le soir, comment pourront-ils donc se sauver, puisqu\u2019il faut prier continuellement et qu\u2019il faut n\u00e9cessairement faire de bonnes \u0153uvres pour avoir le ciel ? \u2013 Puisque toutes [&hellip;]<\/p>\n","protected":false},"author":2,"featured_media":0,"comment_status":"closed","ping_status":"closed","sticky":false,"template":"","format":"standard","meta":{"footnotes":""},"categories":[1261,14],"tags":[540,830,1023],"class_list":["post-23095","post","type-post","status-publish","format-standard","hentry","category-enseignement-2","category-groupe-prieres","tag-jeune","tag-priere","tag-st-cure-dars"],"_links":{"self":[{"href":"https:\/\/www.associationdemarie.org\/blog\/wp-json\/wp\/v2\/posts\/23095","targetHints":{"allow":["GET"]}}],"collection":[{"href":"https:\/\/www.associationdemarie.org\/blog\/wp-json\/wp\/v2\/posts"}],"about":[{"href":"https:\/\/www.associationdemarie.org\/blog\/wp-json\/wp\/v2\/types\/post"}],"author":[{"embeddable":true,"href":"https:\/\/www.associationdemarie.org\/blog\/wp-json\/wp\/v2\/users\/2"}],"replies":[{"embeddable":true,"href":"https:\/\/www.associationdemarie.org\/blog\/wp-json\/wp\/v2\/comments?post=23095"}],"version-history":[{"count":1,"href":"https:\/\/www.associationdemarie.org\/blog\/wp-json\/wp\/v2\/posts\/23095\/revisions"}],"predecessor-version":[{"id":23097,"href":"https:\/\/www.associationdemarie.org\/blog\/wp-json\/wp\/v2\/posts\/23095\/revisions\/23097"}],"wp:attachment":[{"href":"https:\/\/www.associationdemarie.org\/blog\/wp-json\/wp\/v2\/media?parent=23095"}],"wp:term":[{"taxonomy":"category","embeddable":true,"href":"https:\/\/www.associationdemarie.org\/blog\/wp-json\/wp\/v2\/categories?post=23095"},{"taxonomy":"post_tag","embeddable":true,"href":"https:\/\/www.associationdemarie.org\/blog\/wp-json\/wp\/v2\/tags?post=23095"}],"curies":[{"name":"wp","href":"https:\/\/api.w.org\/{rel}","templated":true}]}}