{"id":23086,"date":"2023-06-18T01:12:20","date_gmt":"2023-06-18T00:12:20","guid":{"rendered":"http:\/\/www.associationdemarie.org\/blog\/?p=23086"},"modified":"2023-06-04T08:14:06","modified_gmt":"2023-06-04T07:14:06","slug":"soyez-compatissants","status":"publish","type":"post","link":"https:\/\/www.associationdemarie.org\/blog\/soyez-compatissants\/","title":{"rendered":"Soyez compatissants !"},"content":{"rendered":"<p><img loading=\"lazy\" decoding=\"async\" class=\"aligncenter  wp-image-23087\" src=\"https:\/\/www.associationdemarie.org\/blog\/wp-content\/uploads\/2023\/06\/18-6.jpg\" alt=\"\" width=\"513\" height=\"432\" srcset=\"https:\/\/www.associationdemarie.org\/blog\/wp-content\/uploads\/2023\/06\/18-6.jpg 600w, https:\/\/www.associationdemarie.org\/blog\/wp-content\/uploads\/2023\/06\/18-6-300x253.jpg 300w\" sizes=\"auto, (max-width: 513px) 100vw, 513px\" \/><\/p>\n<p>Soyez compatissants les uns pour les autres, voyez comme Je suis compatissant pour vous ; comme Je souffre, comme J\u2019ai piti\u00e9, compassion, de toutes les douleurs, comme Je soupire avec celui-ci, comme Je pleure avec un autre\u2026 J\u2019ai compassion de leurs deuils, de leurs maladies, de leurs inqui\u00e9tudes, de leur faim, de leur faiblesse, de leur ignorances, de leurs p\u00e9ch\u00e9s surtout ; non seulement Je fais du bien aux \u00e2mes et aux corps, mais mon C\u0153ur a une piti\u00e9, une compassion profonde pour tous les maux de l\u2019\u00e2me et du corps\u2026<\/p>\n<p>La compassion fait partie de l\u2019amour dans tout c\u0153ur mortel et de tout amour humain. Puisque Je vous commande l\u2019amour de tous vos fr\u00e8res, compatissez \u00e0 tous leurs maux, grands et petits, souffrez avec eux de tout ce qu\u2019ils souffrent, comme Je vous en donne tant et tant d\u2019exemples\u2026 N\u2019oubliez jamais le devoir de l\u2019amour : la compassion\u2026<\/p>\n<p>N\u2019oubliez pas mes larmes et mes soupirs et ces miracles que Je faisais, sans qu\u2019on me les ait demand\u00e9s, pour rendre des fils morts \u00e0 leurs m\u00e8res et que chacun de vous puisse dire \u00e0 la derni\u00e8re heure : \u00ab Qui de vous a pleur\u00e9 sans que J\u2019aie pleur\u00e9 avec lui ? \u00bb Ah ! celui qui pourra dire cela sera mille fois b\u00e9ni, et il pourra ajouter : \u00ab La Charit\u00e9 du Christ me presse\u2026 Ce n\u2019est plus moi qui vis, c\u2019est J\u00e9sus qui vit en moi. \u00bb (2 Co 5, 14 ; Gal 2,20)<\/p>\n<h3 class=\"GospelCommentaryAuthor-name commentary-author font-2\">Saint Charles de Foucauld (1858-1916)<\/h3>\n<p>&nbsp;<\/p>\n<p>&nbsp;<\/p>\n<p>&nbsp;<\/p>\n","protected":false},"excerpt":{"rendered":"<p>Soyez compatissants les uns pour les autres, voyez comme Je suis compatissant pour vous ; comme Je souffre, comme J\u2019ai piti\u00e9, compassion, de toutes les douleurs, comme Je soupire avec celui-ci, comme Je pleure avec un autre\u2026 J\u2019ai compassion de leurs deuils, de leurs maladies, de leurs inqui\u00e9tudes, de leur faim, de leur faiblesse, de [&hellip;]<\/p>\n","protected":false},"author":2,"featured_media":0,"comment_status":"closed","ping_status":"closed","sticky":false,"template":"","format":"standard","meta":{"footnotes":""},"categories":[28],"tags":[248,1641],"class_list":["post-23086","post","type-post","status-publish","format-standard","hentry","category-saints-et-saintes","tag-compassion","tag-st-charles-de-foucauld"],"_links":{"self":[{"href":"https:\/\/www.associationdemarie.org\/blog\/wp-json\/wp\/v2\/posts\/23086","targetHints":{"allow":["GET"]}}],"collection":[{"href":"https:\/\/www.associationdemarie.org\/blog\/wp-json\/wp\/v2\/posts"}],"about":[{"href":"https:\/\/www.associationdemarie.org\/blog\/wp-json\/wp\/v2\/types\/post"}],"author":[{"embeddable":true,"href":"https:\/\/www.associationdemarie.org\/blog\/wp-json\/wp\/v2\/users\/2"}],"replies":[{"embeddable":true,"href":"https:\/\/www.associationdemarie.org\/blog\/wp-json\/wp\/v2\/comments?post=23086"}],"version-history":[{"count":1,"href":"https:\/\/www.associationdemarie.org\/blog\/wp-json\/wp\/v2\/posts\/23086\/revisions"}],"predecessor-version":[{"id":23088,"href":"https:\/\/www.associationdemarie.org\/blog\/wp-json\/wp\/v2\/posts\/23086\/revisions\/23088"}],"wp:attachment":[{"href":"https:\/\/www.associationdemarie.org\/blog\/wp-json\/wp\/v2\/media?parent=23086"}],"wp:term":[{"taxonomy":"category","embeddable":true,"href":"https:\/\/www.associationdemarie.org\/blog\/wp-json\/wp\/v2\/categories?post=23086"},{"taxonomy":"post_tag","embeddable":true,"href":"https:\/\/www.associationdemarie.org\/blog\/wp-json\/wp\/v2\/tags?post=23086"}],"curies":[{"name":"wp","href":"https:\/\/api.w.org\/{rel}","templated":true}]}}