{"id":23056,"date":"2023-06-09T01:35:05","date_gmt":"2023-06-09T00:35:05","guid":{"rendered":"http:\/\/www.associationdemarie.org\/blog\/?p=23056"},"modified":"2023-05-26T07:36:55","modified_gmt":"2023-05-26T06:36:55","slug":"je-crois-au-fils-unique-assis-a-la-droite-du-pere","status":"publish","type":"post","link":"https:\/\/www.associationdemarie.org\/blog\/je-crois-au-fils-unique-assis-a-la-droite-du-pere\/","title":{"rendered":"Je crois au Fils unique, assis \u00e0 la droite du P\u00e8re"},"content":{"rendered":"<p><img loading=\"lazy\" decoding=\"async\" class=\"aligncenter  wp-image-23057\" src=\"https:\/\/www.associationdemarie.org\/blog\/wp-content\/uploads\/2023\/05\/9-6.jpg\" alt=\"\" width=\"515\" height=\"574\" srcset=\"https:\/\/www.associationdemarie.org\/blog\/wp-content\/uploads\/2023\/05\/9-6.jpg 640w, https:\/\/www.associationdemarie.org\/blog\/wp-content\/uploads\/2023\/05\/9-6-269x300.jpg 269w\" sizes=\"auto, (max-width: 515px) 100vw, 515px\" \/><\/p>\n<p>Souviens-toi de ce que j\u2019ai dit sur la pr\u00e9sence du Fils assis \u00e0 la droite du P\u00e8re, parce qu\u2019ainsi [affirme] le symbole : \u00ab mont\u00e9 dans les cieux, et assis \u00e0 la droite du P\u00e8re \u00bb ! (\u2026)<\/p>\n<p>Le proph\u00e8te Isa\u00efe qui avait vu ce tr\u00f4ne avant la pr\u00e9sence du Sauveur dans la chair, dit : \u00ab Je vis le Seigneur assis sur un tr\u00f4ne tr\u00e8s \u00e9lev\u00e9 \u00bb (Is 6,1). Mais comme \u00ab personne n\u2019a jamais vu le P\u00e8re \u00bb (Jn 1,18 ; 1Tm 6,16), le personnage qui apparut alors au proph\u00e8te \u00e9tait le Fils. Le psalmiste dit aussi : \u00ab Ton tr\u00f4ne est pr\u00eat depuis lors, depuis l\u2019\u00e9ternit\u00e9 tu existes \u00bb (Ps 92,2). Nombreux sont les t\u00e9moignages \u00e0 ce sujet. (\u2026) Le psaume cent neuvi\u00e8me dit clairement : \u00ab Le Seigneur a dit \u00e0 mon Seigneur : \u201cAssieds-toi \u00e0 ma droite, jusqu\u2019\u00e0 ce que je fasse de tes ennemis un escabeau sous tes pieds.\u201d \u00bb Et le Seigneur, dans l\u2019\u00c9vangile, renfor\u00e7ant cette parole, dit que David ne l\u2019a pas prononc\u00e9e de lui-m\u00eame, mais sous l\u2019inspiration du Saint-Esprit : \u00ab Comment donc, dit J\u00e9sus, David gr\u00e2ce \u00e0 l\u2019Esprit l\u2019appelle-t-il Seigneur lorsqu\u2019il dit : Le Seigneur a dit \u00e0 mon Seigneur : \u201cAssieds-toi \u00e0 ma droite ?\u201d \u00bb (Mt 22,43-44). Et dans les Actes des Ap\u00f4tres, le jour de la Pentec\u00f4te, Pierre avec les onze s\u2019\u00e9tant mis debout et discutant avec les Isra\u00e9lites, leur remet en m\u00e9moire, en citant les paroles m\u00eames, ce t\u00e9moignage contenu dans le Psaume cent neuvi\u00e8me (Ac 2, 34). (\u2026)<\/p>\n<p>Il existe assur\u00e9ment d\u2019autres t\u00e9moignages sur la session du Fils unique \u00e0 la droite de Dieu ; contentons-nous cependant pour l\u2019instant de ceux-ci. Nous rappellerons encore une fois qu\u2019il n\u2019est pas entr\u00e9 en possession de cette dignit\u00e9 du tr\u00f4ne \u00e0 la suite de son av\u00e8nement dans la chair ; mais il y est entr\u00e9 bien avant tous les si\u00e8cles, lui, le fils unique engendr\u00e9 de Dieu, notre Seigneur J\u00e9sus Christ, qui depuis toujours poss\u00e8de le tr\u00f4ne \u00e0 la droite du P\u00e8re.<\/p>\n<h3 class=\"GospelCommentaryAuthor-name commentary-author font-2\">Saint Cyrille de J\u00e9rusalem (313-350)<\/h3>\n<p>&nbsp;<\/p>\n<p>&nbsp;<\/p>\n","protected":false},"excerpt":{"rendered":"<p>Souviens-toi de ce que j\u2019ai dit sur la pr\u00e9sence du Fils assis \u00e0 la droite du P\u00e8re, parce qu\u2019ainsi [affirme] le symbole : \u00ab mont\u00e9 dans les cieux, et assis \u00e0 la droite du P\u00e8re \u00bb ! (\u2026) Le proph\u00e8te Isa\u00efe qui avait vu ce tr\u00f4ne avant la pr\u00e9sence du Sauveur dans la chair, dit [&hellip;]<\/p>\n","protected":false},"author":2,"featured_media":0,"comment_status":"closed","ping_status":"closed","sticky":false,"template":"","format":"standard","meta":{"footnotes":""},"categories":[1261],"tags":[271,510,1499,1110],"class_list":["post-23056","post","type-post","status-publish","format-standard","hentry","category-enseignement-2","tag-credo","tag-isaie","tag-st-cyrille-de-jerusalem","tag-ste-trinite"],"_links":{"self":[{"href":"https:\/\/www.associationdemarie.org\/blog\/wp-json\/wp\/v2\/posts\/23056","targetHints":{"allow":["GET"]}}],"collection":[{"href":"https:\/\/www.associationdemarie.org\/blog\/wp-json\/wp\/v2\/posts"}],"about":[{"href":"https:\/\/www.associationdemarie.org\/blog\/wp-json\/wp\/v2\/types\/post"}],"author":[{"embeddable":true,"href":"https:\/\/www.associationdemarie.org\/blog\/wp-json\/wp\/v2\/users\/2"}],"replies":[{"embeddable":true,"href":"https:\/\/www.associationdemarie.org\/blog\/wp-json\/wp\/v2\/comments?post=23056"}],"version-history":[{"count":1,"href":"https:\/\/www.associationdemarie.org\/blog\/wp-json\/wp\/v2\/posts\/23056\/revisions"}],"predecessor-version":[{"id":23058,"href":"https:\/\/www.associationdemarie.org\/blog\/wp-json\/wp\/v2\/posts\/23056\/revisions\/23058"}],"wp:attachment":[{"href":"https:\/\/www.associationdemarie.org\/blog\/wp-json\/wp\/v2\/media?parent=23056"}],"wp:term":[{"taxonomy":"category","embeddable":true,"href":"https:\/\/www.associationdemarie.org\/blog\/wp-json\/wp\/v2\/categories?post=23056"},{"taxonomy":"post_tag","embeddable":true,"href":"https:\/\/www.associationdemarie.org\/blog\/wp-json\/wp\/v2\/tags?post=23056"}],"curies":[{"name":"wp","href":"https:\/\/api.w.org\/{rel}","templated":true}]}}