{"id":23016,"date":"2023-05-29T01:50:27","date_gmt":"2023-05-29T00:50:27","guid":{"rendered":"http:\/\/www.associationdemarie.org\/blog\/?p=23016"},"modified":"2023-05-15T06:53:00","modified_gmt":"2023-05-15T05:53:00","slug":"bienheureuse-vierge-marie-mere-de-leglise-memoire","status":"publish","type":"post","link":"https:\/\/www.associationdemarie.org\/blog\/bienheureuse-vierge-marie-mere-de-leglise-memoire\/","title":{"rendered":"Bienheureuse Vierge Marie, M\u00e8re de l\u2019\u00c9glise, m\u00e9moire"},"content":{"rendered":"<p><img loading=\"lazy\" decoding=\"async\" class=\"aligncenter  wp-image-23018\" src=\"https:\/\/www.associationdemarie.org\/blog\/wp-content\/uploads\/2023\/05\/29-5.jpg\" alt=\"\" width=\"524\" height=\"295\" srcset=\"https:\/\/www.associationdemarie.org\/blog\/wp-content\/uploads\/2023\/05\/29-5.jpg 1920w, https:\/\/www.associationdemarie.org\/blog\/wp-content\/uploads\/2023\/05\/29-5-300x169.jpg 300w, https:\/\/www.associationdemarie.org\/blog\/wp-content\/uploads\/2023\/05\/29-5-768x432.jpg 768w, https:\/\/www.associationdemarie.org\/blog\/wp-content\/uploads\/2023\/05\/29-5-1024x576.jpg 1024w\" sizes=\"auto, (max-width: 524px) 100vw, 524px\" \/><\/p>\n<p>Vraiment, il est juste et bon de te rendre gloire,<br \/>\nde t&rsquo;offrir notre action de gr\u00e2ce, toujours et en tout lieu,<br \/>\n\u00e0 toi, P\u00e8re tr\u00e8s saint, Dieu \u00e9ternel et tout-puissant.<\/p>\n<p>Pour c\u00e9l\u00e9brer la Vierge Marie,<br \/>\nc\u2019est \u00e0 toi que s\u2019adressent nos louanges.<br \/>\nEn accueillant la Parole dans un c\u0153ur immacul\u00e9,<br \/>\nelle a m\u00e9rit\u00e9 de la concevoir dans son sein virginal.<br \/>\nEn donnant naissance \u00e0 son Cr\u00e9ateur,<br \/>\nelle a pr\u00e9par\u00e9 les commencements de l\u2019\u00c9glise.<br \/>\nEn recevant au pied de la croix<br \/>\nle testament d\u2019amour de son Fils,<br \/>\nelle a re\u00e7u pour fils tous les hommes<br \/>\nque la mort du Christ a fait na\u00eetre \u00e0 la vie divine.<br \/>\nQuand les Ap\u00f4tres attendaient l\u2019Esprit qui leur \u00e9tait promis,<br \/>\nelle a joint sa supplication \u00e0 celle des disciples,<br \/>\ndevenant ainsi le mod\u00e8le de l\u2019\u00c9glise en pri\u00e8re.<br \/>\n\u00c9lev\u00e9e dans la gloire du ciel,<br \/>\nelle accompagne et prot\u00e8ge l\u2019\u00c9glise de son amour maternel<br \/>\ndans sa marche vers la patrie<br \/>\njusqu\u2019au jour de la venue glorieuse du Seigneur.<\/p>\n<h3 class=\"GospelCommentaryAuthor-name commentary-author font-2\">Le Missel romain<\/h3>\n<p>&nbsp;<\/p>\n<p>&nbsp;<\/p>\n<p>&nbsp;<\/p>\n","protected":false},"excerpt":{"rendered":"<p>Vraiment, il est juste et bon de te rendre gloire, de t&rsquo;offrir notre action de gr\u00e2ce, toujours et en tout lieu, \u00e0 toi, P\u00e8re tr\u00e8s saint, Dieu \u00e9ternel et tout-puissant. Pour c\u00e9l\u00e9brer la Vierge Marie, c\u2019est \u00e0 toi que s\u2019adressent nos louanges. En accueillant la Parole dans un c\u0153ur immacul\u00e9, elle a m\u00e9rit\u00e9 de la [&hellip;]<\/p>\n","protected":false},"author":2,"featured_media":0,"comment_status":"closed","ping_status":"closed","sticky":false,"template":"","format":"standard","meta":{"footnotes":""},"categories":[3,27],"tags":[336,1375,830,1189],"class_list":["post-23016","post","type-post","status-publish","format-standard","hentry","category-liturgique","category-prieres","tag-eglise","tag-missel-romain","tag-priere","tag-vierge-marie"],"_links":{"self":[{"href":"https:\/\/www.associationdemarie.org\/blog\/wp-json\/wp\/v2\/posts\/23016","targetHints":{"allow":["GET"]}}],"collection":[{"href":"https:\/\/www.associationdemarie.org\/blog\/wp-json\/wp\/v2\/posts"}],"about":[{"href":"https:\/\/www.associationdemarie.org\/blog\/wp-json\/wp\/v2\/types\/post"}],"author":[{"embeddable":true,"href":"https:\/\/www.associationdemarie.org\/blog\/wp-json\/wp\/v2\/users\/2"}],"replies":[{"embeddable":true,"href":"https:\/\/www.associationdemarie.org\/blog\/wp-json\/wp\/v2\/comments?post=23016"}],"version-history":[{"count":1,"href":"https:\/\/www.associationdemarie.org\/blog\/wp-json\/wp\/v2\/posts\/23016\/revisions"}],"predecessor-version":[{"id":23019,"href":"https:\/\/www.associationdemarie.org\/blog\/wp-json\/wp\/v2\/posts\/23016\/revisions\/23019"}],"wp:attachment":[{"href":"https:\/\/www.associationdemarie.org\/blog\/wp-json\/wp\/v2\/media?parent=23016"}],"wp:term":[{"taxonomy":"category","embeddable":true,"href":"https:\/\/www.associationdemarie.org\/blog\/wp-json\/wp\/v2\/categories?post=23016"},{"taxonomy":"post_tag","embeddable":true,"href":"https:\/\/www.associationdemarie.org\/blog\/wp-json\/wp\/v2\/tags?post=23016"}],"curies":[{"name":"wp","href":"https:\/\/api.w.org\/{rel}","templated":true}]}}