{"id":23010,"date":"2023-05-27T01:55:41","date_gmt":"2023-05-27T00:55:41","guid":{"rendered":"http:\/\/www.associationdemarie.org\/blog\/?p=23010"},"modified":"2023-05-13T07:57:36","modified_gmt":"2023-05-13T06:57:36","slug":"jesus-lui-dit-toi-suis-moi","status":"publish","type":"post","link":"https:\/\/www.associationdemarie.org\/blog\/jesus-lui-dit-toi-suis-moi\/","title":{"rendered":"J\u00e9sus lui dit : Toi, suis-moi."},"content":{"rendered":"<p><img loading=\"lazy\" decoding=\"async\" class=\"aligncenter  wp-image-23011\" src=\"https:\/\/www.associationdemarie.org\/blog\/wp-content\/uploads\/2023\/05\/27-5-Jean-2120-25.jpg\" alt=\"\" width=\"538\" height=\"323\" srcset=\"https:\/\/www.associationdemarie.org\/blog\/wp-content\/uploads\/2023\/05\/27-5-Jean-2120-25.jpg 600w, https:\/\/www.associationdemarie.org\/blog\/wp-content\/uploads\/2023\/05\/27-5-Jean-2120-25-300x180.jpg 300w\" sizes=\"auto, (max-width: 538px) 100vw, 538px\" \/><\/p>\n<p>[\u00ab L\u00e8ve-toi, viens, ma bien-aim\u00e9e, ma belle, ma colombe \u00bb (Ct 2, 10 \u00bb.] La nature divine entra\u00eene l\u2019\u00e2me humaine \u00e0 participer \u00e0 elle, elle transcende toujours celle-ci d\u2019une fa\u00e7on \u00e9gale par son \u00e9minence dans le bien. L\u2019\u00e2me grandit toujours dans sa participation au transcendant et ne cesse jamais de cro\u00eetre ; mais le bien auquel elle participe demeure le m\u00eame, se manifestant toujours aussi transcendant \u00e0 l\u2019\u00e2me qui y participe toujours davantage.<\/p>\n<p>Nous voyons ainsi le Verbe guider l\u2019\u00c9pouse vers les sommets, par les ascensions de la vertu, comme dans la mont\u00e9e d\u2019une \u00e9chelle. Il lui envoie d\u2019abord un rayon de lumi\u00e8re par les fen\u00eatres des proph\u00e8tes et les treillis des commandements de la Loi et lui ordonne de s\u2019approcher de la lumi\u00e8re et de devenir belle en prenant dans la lumi\u00e8re la forme de la colombe. Ensuite, quand elle a eu part \u00e0 ces biens dans toute la mesure o\u00f9 elle peut les contenir, il l\u2019attire \u00e0 nouveau, comme si elle n\u2019avait encore aucune part aux biens, \u00e0 la participation de la beaut\u00e9 transcendante. Ainsi au fur et \u00e0 mesure qu\u2019elle progresse vers ce qui surgit toujours en avant d\u2019elle, son d\u00e9sir augmente, lui aussi, et l\u2019exc\u00e8s des biens qui se manifestent toujours dans leur transcendance lui fait croire qu\u2019elle en est toujours au d\u00e9but de son ascension.<\/p>\n<p>C\u2019est pourquoi le Verbe dit \u00e0 nouveau : \u00ab L\u00e8ve-toi \u00bb (Ct 2, 13) \u00e0 celle qui est d\u00e9j\u00e0 lev\u00e9e, et : \u00ab Viens \u00bb \u00e0 celle qui est d\u00e9j\u00e0 venue. Celui qui se l\u00e8ve ainsi en effet ne finira jamais de se lever, et celui qui court vers le Seigneur n\u2019\u00e9puisera jamais le large espace pour la course divine. Il faut donc toujours se lever et ne jamais cesser de s\u2019approcher dans sa course ; car chaque fois que le Verbe dit : \u00ab L\u00e8ve-toi \u00bb et : \u00ab Viens \u00bb, il nous donne la force de monter plus haut.<\/p>\n<h3 class=\"GospelCommentaryAuthor-name commentary-author font-2\">Saint Gr\u00e9goire de Nysse (v. 335-395)<\/h3>\n<p>&nbsp;<\/p>\n<p>&nbsp;<\/p>\n<p>&nbsp;<\/p>\n<p>&nbsp;<\/p>\n","protected":false},"excerpt":{"rendered":"<p>[\u00ab L\u00e8ve-toi, viens, ma bien-aim\u00e9e, ma belle, ma colombe \u00bb (Ct 2, 10 \u00bb.] La nature divine entra\u00eene l\u2019\u00e2me humaine \u00e0 participer \u00e0 elle, elle transcende toujours celle-ci d\u2019une fa\u00e7on \u00e9gale par son \u00e9minence dans le bien. L\u2019\u00e2me grandit toujours dans sa participation au transcendant et ne cesse jamais de cro\u00eetre ; mais le bien [&hellip;]<\/p>\n","protected":false},"author":2,"featured_media":0,"comment_status":"closed","ping_status":"closed","sticky":false,"template":"","format":"standard","meta":{"footnotes":""},"categories":[13,1261],"tags":[368,967,1484,1071,1179],"class_list":["post-23010","post","type-post","status-publish","format-standard","hentry","category-ecritures","category-enseignement-2","tag-epouse","tag-seigneur","tag-st-gregoire-de-nysse","tag-st-pierre","tag-verbe"],"_links":{"self":[{"href":"https:\/\/www.associationdemarie.org\/blog\/wp-json\/wp\/v2\/posts\/23010","targetHints":{"allow":["GET"]}}],"collection":[{"href":"https:\/\/www.associationdemarie.org\/blog\/wp-json\/wp\/v2\/posts"}],"about":[{"href":"https:\/\/www.associationdemarie.org\/blog\/wp-json\/wp\/v2\/types\/post"}],"author":[{"embeddable":true,"href":"https:\/\/www.associationdemarie.org\/blog\/wp-json\/wp\/v2\/users\/2"}],"replies":[{"embeddable":true,"href":"https:\/\/www.associationdemarie.org\/blog\/wp-json\/wp\/v2\/comments?post=23010"}],"version-history":[{"count":1,"href":"https:\/\/www.associationdemarie.org\/blog\/wp-json\/wp\/v2\/posts\/23010\/revisions"}],"predecessor-version":[{"id":23012,"href":"https:\/\/www.associationdemarie.org\/blog\/wp-json\/wp\/v2\/posts\/23010\/revisions\/23012"}],"wp:attachment":[{"href":"https:\/\/www.associationdemarie.org\/blog\/wp-json\/wp\/v2\/media?parent=23010"}],"wp:term":[{"taxonomy":"category","embeddable":true,"href":"https:\/\/www.associationdemarie.org\/blog\/wp-json\/wp\/v2\/categories?post=23010"},{"taxonomy":"post_tag","embeddable":true,"href":"https:\/\/www.associationdemarie.org\/blog\/wp-json\/wp\/v2\/tags?post=23010"}],"curies":[{"name":"wp","href":"https:\/\/api.w.org\/{rel}","templated":true}]}}