{"id":23004,"date":"2023-05-25T01:40:09","date_gmt":"2023-05-25T00:40:09","guid":{"rendered":"http:\/\/www.associationdemarie.org\/blog\/?p=23004"},"modified":"2023-05-11T06:42:00","modified_gmt":"2023-05-11T05:42:00","slug":"quils-soient-un-en-nous-jn-1721","status":"publish","type":"post","link":"https:\/\/www.associationdemarie.org\/blog\/quils-soient-un-en-nous-jn-1721\/","title":{"rendered":"\u00ab Qu\u2019ils soient un en nous. \u00bb (Jn 17,21)"},"content":{"rendered":"<p><img loading=\"lazy\" decoding=\"async\" class=\"aligncenter wp-image-23005\" src=\"https:\/\/www.associationdemarie.org\/blog\/wp-content\/uploads\/2023\/05\/25-5.png\" alt=\"\" width=\"538\" height=\"299\" srcset=\"https:\/\/www.associationdemarie.org\/blog\/wp-content\/uploads\/2023\/05\/25-5.png 810w, https:\/\/www.associationdemarie.org\/blog\/wp-content\/uploads\/2023\/05\/25-5-300x167.png 300w, https:\/\/www.associationdemarie.org\/blog\/wp-content\/uploads\/2023\/05\/25-5-768x427.png 768w\" sizes=\"auto, (max-width: 538px) 100vw, 538px\" \/><\/p>\n<p>En sa pri\u00e8re sacerdotale avant la Passion, le Christ J\u00e9sus ne fait qu&rsquo;une demande pour ses ap\u00f4tres et pour ceux qui croiront en leur parole : qu&rsquo;ils soient un avec Lui, comme Lui et son P\u00e8re sont un (Jn 17,21), afin qu&rsquo;ils puissent voir sa gloire (Jn 17,24). Cela, le Christ J\u00e9sus l&rsquo;exige comme le prix de son sacrifice. Cette unit\u00e9 est le but de l&rsquo;Incarnation et de la R\u00e9demption. Elle est vitale pour nos \u00e2mes et pour l&rsquo;\u00c9glise. (\u2026) L&rsquo;\u00c9glise c&rsquo;est le Christ diffus\u00e9 ou le Christ r\u00e9pandu en ses membres. Elle le prolonge en lui fournissant des humanit\u00e9s de surcro\u00eet dans lesquelles il \u00e9tale les richesses de sa gr\u00e2ce et par lesquelles il continue sa mission sacerdotale ici-bas. La gr\u00e2ce divine, qui ne peut nous venir que du Christ, nous encha\u00eene au Christ et nous fait du Christ. Ainsi nous sommes au Christ et le Christ est \u00e0 Dieu. (\u2026)<\/p>\n<p>Tel est le plan de Dieu qui nous enveloppe et les desseins qu&rsquo;il veut r\u00e9aliser en nous et par nous. Nous serons du Christ ou nous n&rsquo;aurons pas de vie surnaturelle ; nous serons Fils avec le Verbe incarn\u00e9 au sein de la Trinit\u00e9 sainte ou nous serons exclus du royaume des cieux. Ces v\u00e9rit\u00e9s ne doivent pas seulement fournir un aliment \u00e0 notre contemplation. Puisqu&rsquo;elles commandent toute l&rsquo;\u0153uvre divine de la R\u00e9demption et de l&rsquo;organisation de l&rsquo;\u00c9glise, elles doivent pr\u00e9sider \u00e0 la coop\u00e9ration qui nous est demand\u00e9e \u00e0 cette \u0153uvre divine. Ces v\u00e9rit\u00e9s si hautes sont parmi les plus pratiques pour la vie spirituelle et pour l&rsquo;apostolat.<\/p>\n<h3 class=\"GospelCommentaryAuthor-name commentary-author font-2\">Bienheureux Marie-Eug\u00e8ne de l&rsquo;Enfant-J\u00e9sus (1894-1967)<\/h3>\n<p>&nbsp;<\/p>\n<p>&nbsp;<\/p>\n<p>&nbsp;<\/p>\n","protected":false},"excerpt":{"rendered":"<p>En sa pri\u00e8re sacerdotale avant la Passion, le Christ J\u00e9sus ne fait qu&rsquo;une demande pour ses ap\u00f4tres et pour ceux qui croiront en leur parole : qu&rsquo;ils soient un avec Lui, comme Lui et son P\u00e8re sont un (Jn 17,21), afin qu&rsquo;ils puissent voir sa gloire (Jn 17,24). Cela, le Christ J\u00e9sus l&rsquo;exige comme le [&hellip;]<\/p>\n","protected":false},"author":2,"featured_media":0,"comment_status":"closed","ping_status":"closed","sticky":false,"template":"","format":"standard","meta":{"footnotes":""},"categories":[13,1261],"tags":[1597,1163,1168],"class_list":["post-23004","post","type-post","status-publish","format-standard","hentry","category-ecritures","category-enseignement-2","tag-bienheureux-marie-eugene-de-lenfant-jesus","tag-un","tag-unite"],"_links":{"self":[{"href":"https:\/\/www.associationdemarie.org\/blog\/wp-json\/wp\/v2\/posts\/23004","targetHints":{"allow":["GET"]}}],"collection":[{"href":"https:\/\/www.associationdemarie.org\/blog\/wp-json\/wp\/v2\/posts"}],"about":[{"href":"https:\/\/www.associationdemarie.org\/blog\/wp-json\/wp\/v2\/types\/post"}],"author":[{"embeddable":true,"href":"https:\/\/www.associationdemarie.org\/blog\/wp-json\/wp\/v2\/users\/2"}],"replies":[{"embeddable":true,"href":"https:\/\/www.associationdemarie.org\/blog\/wp-json\/wp\/v2\/comments?post=23004"}],"version-history":[{"count":1,"href":"https:\/\/www.associationdemarie.org\/blog\/wp-json\/wp\/v2\/posts\/23004\/revisions"}],"predecessor-version":[{"id":23006,"href":"https:\/\/www.associationdemarie.org\/blog\/wp-json\/wp\/v2\/posts\/23004\/revisions\/23006"}],"wp:attachment":[{"href":"https:\/\/www.associationdemarie.org\/blog\/wp-json\/wp\/v2\/media?parent=23004"}],"wp:term":[{"taxonomy":"category","embeddable":true,"href":"https:\/\/www.associationdemarie.org\/blog\/wp-json\/wp\/v2\/categories?post=23004"},{"taxonomy":"post_tag","embeddable":true,"href":"https:\/\/www.associationdemarie.org\/blog\/wp-json\/wp\/v2\/tags?post=23004"}],"curies":[{"name":"wp","href":"https:\/\/api.w.org\/{rel}","templated":true}]}}