{"id":22979,"date":"2023-05-18T01:49:31","date_gmt":"2023-05-18T00:49:31","guid":{"rendered":"http:\/\/www.associationdemarie.org\/blog\/?p=22979"},"modified":"2023-05-04T06:51:18","modified_gmt":"2023-05-04T05:51:18","slug":"ascension-du-seigneur-solennite-9","status":"publish","type":"post","link":"https:\/\/www.associationdemarie.org\/blog\/ascension-du-seigneur-solennite-9\/","title":{"rendered":"Ascension du Seigneur, solennit\u00e9"},"content":{"rendered":"<p><img loading=\"lazy\" decoding=\"async\" class=\"aligncenter  wp-image-22980\" src=\"https:\/\/www.associationdemarie.org\/blog\/wp-content\/uploads\/2023\/05\/18-5.jpg\" alt=\"\" width=\"530\" height=\"374\" srcset=\"https:\/\/www.associationdemarie.org\/blog\/wp-content\/uploads\/2023\/05\/18-5.jpg 812w, https:\/\/www.associationdemarie.org\/blog\/wp-content\/uploads\/2023\/05\/18-5-300x211.jpg 300w, https:\/\/www.associationdemarie.org\/blog\/wp-content\/uploads\/2023\/05\/18-5-768x541.jpg 768w\" sizes=\"auto, (max-width: 530px) 100vw, 530px\" \/><\/p>\n<p>Celui qui est descendu sur la terre \u2014 lui seul sait comment \u2014 au moment d&rsquo;en repartir \u2014 comment ? lui seul le sait \u2014 a pris ceux qu&rsquo;il aimait et les a men\u00e9s sur une montagne\u2026pour leur \u00e9lever la t\u00eate et l&rsquo;esprit\u2026 Le Seigneur, \u00e9tendant les bras comme des ailes, a couvert ainsi qu&rsquo;un aigle le nid qu&rsquo;il soignait tendrement (Dt 32,11) et a dit \u00e0 ses petits : \u00ab Je vous ai prot\u00e9g\u00e9s de mon ombre contre tous les maux (Ps 90,1) : comme je vous ai aim\u00e9s, aimez-moi. Je ne me s\u00e9pare pas de vous : je suis avec vous, et personne ne tiendra contre vous \u00bb (cf Mt 28,20; Rm 8,31)\u2026<\/p>\n<p>Par ces mots, le Sauveur a fait \u00e0 ses ap\u00f4tres une grande peine. Peut-\u00eatre m\u00eame pleuraient-ils et disaient\u2026 : \u00ab Tu nous quittes, tu te s\u00e9pares de ceux qui t&rsquo;aiment ?&#8230; Cela nous angoisse, parce que notre d\u00e9sir est d&rsquo;\u00eatre avec toi. Nous cherchons ton visage\u2026; il n&rsquo;y a pas d&rsquo;autre Dieu que toi (Ps 26,8; Is 45,5). Ne t&rsquo;\u00e9loigne pas de ceux qui t&rsquo;aiment, reste aupr\u00e8s de nous et dis-nous : \u2018 Je ne me s\u00e9pare pas de vous : je suis avec vous, et personne ne tiendra contre vous\u2026 &lsquo; \u00bb<\/p>\n<p>Le Seigneur, voyant les plaintes de ceux qui l&rsquo;aimaient, les a soutenus comme un p\u00e8re ses fils\u2026 : \u00ab Ne pleurez pas, amis, car ce n&rsquo;est pas le temps des larmes\u2026 C&rsquo;est l&rsquo;heure de ma joie : pour aller vers mon P\u00e8re \u2018 je prends les ailes, et je me reposerai &lsquo; dans ma tente (Ps 138,9). Car du firmament du ciel j&rsquo;ai fait une tente\u2026, comme le dit Isa\u00efe : \u2018 Dieu a dress\u00e9 le ciel comme une vo\u00fbte et comme une tente o\u00f9 l&rsquo;on habite &lsquo; (Is 40,22), Dieu qui dit aux siens : \u2018 Je ne me s\u00e9pare pas de vous : je suis avec vous, et personne ne tiendra contre vous. &lsquo; \u00bb<\/p>\n<p>\u00ab Soyez donc maintenant gais et radieux, prenez un air joyeux, \u2018 chantez un chant nouveau &lsquo; (Ps 97,1), car tout ce qui va arriver arrive pour vous. Par amour pour vous je suis descendu ici-bas et je suis all\u00e9 partout, afin de vous plaire et d&rsquo;\u00eatre accueilli par vous. C&rsquo;est encore par amour pour vous que je remonte aux cieux, afin de disposer le lieu o\u00f9 je dois \u00eatre avec vous : car \u00ab il y a beaucoup de demeures l\u00e0-haut chez mon P\u00e8re \u00bb (Jn 14,2)\u2026 Je vais donc pr\u00e9parer une demeure pour vous et vous y prendre, et je ne me s\u00e9pare pas de vous : je suis avec vous, et personne ne tiendra contre vous. \u00bb<\/p>\n<h3 class=\"GospelCommentaryAuthor-name commentary-author font-2\">Saint Romanos le M\u00e9lode (?-v. 560)<\/h3>\n<p>&nbsp;<\/p>\n<p>&nbsp;<\/p>\n<p>&nbsp;<\/p>\n","protected":false},"excerpt":{"rendered":"<p>Celui qui est descendu sur la terre \u2014 lui seul sait comment \u2014 au moment d&rsquo;en repartir \u2014 comment ? lui seul le sait \u2014 a pris ceux qu&rsquo;il aimait et les a men\u00e9s sur une montagne\u2026pour leur \u00e9lever la t\u00eate et l&rsquo;esprit\u2026 Le Seigneur, \u00e9tendant les bras comme des ailes, a couvert ainsi qu&rsquo;un [&hellip;]<\/p>\n","protected":false},"author":2,"featured_media":0,"comment_status":"closed","ping_status":"closed","sticky":false,"template":"","format":"standard","meta":{"footnotes":""},"categories":[3,28],"tags":[110,1077],"class_list":["post-22979","post","type-post","status-publish","format-standard","hentry","category-liturgique","category-saints-et-saintes","tag-ascension","tag-st-romanos-le-melode"],"_links":{"self":[{"href":"https:\/\/www.associationdemarie.org\/blog\/wp-json\/wp\/v2\/posts\/22979","targetHints":{"allow":["GET"]}}],"collection":[{"href":"https:\/\/www.associationdemarie.org\/blog\/wp-json\/wp\/v2\/posts"}],"about":[{"href":"https:\/\/www.associationdemarie.org\/blog\/wp-json\/wp\/v2\/types\/post"}],"author":[{"embeddable":true,"href":"https:\/\/www.associationdemarie.org\/blog\/wp-json\/wp\/v2\/users\/2"}],"replies":[{"embeddable":true,"href":"https:\/\/www.associationdemarie.org\/blog\/wp-json\/wp\/v2\/comments?post=22979"}],"version-history":[{"count":1,"href":"https:\/\/www.associationdemarie.org\/blog\/wp-json\/wp\/v2\/posts\/22979\/revisions"}],"predecessor-version":[{"id":22981,"href":"https:\/\/www.associationdemarie.org\/blog\/wp-json\/wp\/v2\/posts\/22979\/revisions\/22981"}],"wp:attachment":[{"href":"https:\/\/www.associationdemarie.org\/blog\/wp-json\/wp\/v2\/media?parent=22979"}],"wp:term":[{"taxonomy":"category","embeddable":true,"href":"https:\/\/www.associationdemarie.org\/blog\/wp-json\/wp\/v2\/categories?post=22979"},{"taxonomy":"post_tag","embeddable":true,"href":"https:\/\/www.associationdemarie.org\/blog\/wp-json\/wp\/v2\/tags?post=22979"}],"curies":[{"name":"wp","href":"https:\/\/api.w.org\/{rel}","templated":true}]}}