{"id":22952,"date":"2023-05-10T01:40:37","date_gmt":"2023-05-10T00:40:37","guid":{"rendered":"http:\/\/www.associationdemarie.org\/blog\/?p=22952"},"modified":"2023-04-26T06:42:12","modified_gmt":"2023-04-26T05:42:12","slug":"en-dehors-de-moi-vous-ne-pouvez-rien-faire-jn-155","status":"publish","type":"post","link":"https:\/\/www.associationdemarie.org\/blog\/en-dehors-de-moi-vous-ne-pouvez-rien-faire-jn-155\/","title":{"rendered":"\u00ab En dehors de moi, vous ne pouvez rien faire. \u00bb (Jn 15,5)"},"content":{"rendered":"<p><img loading=\"lazy\" decoding=\"async\" class=\"aligncenter  wp-image-22953\" src=\"https:\/\/www.associationdemarie.org\/blog\/wp-content\/uploads\/2023\/04\/10-5-Grappes-de-raison.jpg\" alt=\"\" width=\"527\" height=\"352\" srcset=\"https:\/\/www.associationdemarie.org\/blog\/wp-content\/uploads\/2023\/04\/10-5-Grappes-de-raison.jpg 832w, https:\/\/www.associationdemarie.org\/blog\/wp-content\/uploads\/2023\/04\/10-5-Grappes-de-raison-300x200.jpg 300w, https:\/\/www.associationdemarie.org\/blog\/wp-content\/uploads\/2023\/04\/10-5-Grappes-de-raison-768x512.jpg 768w\" sizes=\"auto, (max-width: 527px) 100vw, 527px\" \/><\/p>\n<p>Notre saintet\u00e9 est d\u2019ordre essentiellement surnaturelle. Tous les efforts r\u00e9unis de la nature ne peuvent produire un acte surnaturel, un acte qui ait quelque proportion avec notre fin, laquelle est la vision b\u00e9atifiante de l\u2019adorable Trinit\u00e9. (\u2026) Mais Dieu, qui accomplit toutes ses \u0153uvres avec une infinie sagesse, nous a donn\u00e9, dans la gr\u00e2ce, le moyen de r\u00e9aliser en nous ses desseins divins.<\/p>\n<p>Sans la gr\u00e2ce, \u2012 et cette gr\u00e2ce ne vient que de Dieu, \u2012 nous sommes incapables de faire quoi que ce soit pour arriver \u00e0 notre fin surnaturelle ; S. Paul nous dit que, sans elle, nous ne pouvons avoir une bonne pens\u00e9e qui nous soit compt\u00e9e comme digne de la b\u00e9atitude \u00e9ternelle (cf. 2 Co 3,5). C\u2019est l\u2019\u00e9cho de la parole du Christ : \u00ab Sans moi vous ne pouvez rien faire \u00bb (Jn 15,5), vous ne pouvez atteindre le but supr\u00eame ; vous ne pouvez devenir des saints. Le Christ J\u00e9sus nous a comment\u00e9 lui-m\u00eame cette v\u00e9rit\u00e9 : il nous a dit qu\u2019il est la vigne et que nous sommes les branches ; pour produire des fruits, il faut que nous lui restions unis par la gr\u00e2ce, afin que, tirant de lui la s\u00e8ve surnaturelle, nous puissions rapporter \u00e0 son P\u00e8re des fruits qui lui soient agr\u00e9ables.<\/p>\n<p>Vous voyez par l\u00e0 la n\u00e9cessit\u00e9 o\u00f9 est l\u2019\u00e2me de ne pas s\u2019\u00e9carter de Dieu, source de la gr\u00e2ce sans laquelle nous ne pouvons rien. Mais, bien plut\u00f4t, nous devons nous livrer \u00e0 lui sans r\u00e9serve, car \u00ab avec cette gr\u00e2ce nous pouvons tout \u00bb (\u2026). Il n\u2019est pas d\u2019\u0153uvre honn\u00eate, si banale ou si ordinaire soit-elle, qui, faite sous l\u2019inspiration de la gr\u00e2ce, ne puisse contribuer \u00e0 nous faire parvenir \u00e0 cette exaltation supr\u00eame qu\u2019est la vision b\u00e9atifique ; car \u00ab tout concourt au bien de ceux que Dieu appelle \u00e0 vivre en union avec lui \u00bb (Rm 8,28).<\/p>\n<h3 class=\"GospelCommentaryAuthor-name commentary-author font-2\">Bienheureux Columba Marmion (1858-1923)<\/h3>\n<p>&nbsp;<\/p>\n<p>&nbsp;<\/p>\n<p>&nbsp;<\/p>\n","protected":false},"excerpt":{"rendered":"<p>Notre saintet\u00e9 est d\u2019ordre essentiellement surnaturelle. Tous les efforts r\u00e9unis de la nature ne peuvent produire un acte surnaturel, un acte qui ait quelque proportion avec notre fin, laquelle est la vision b\u00e9atifiante de l\u2019adorable Trinit\u00e9. (\u2026) Mais Dieu, qui accomplit toutes ses \u0153uvres avec une infinie sagesse, nous a donn\u00e9, dans la gr\u00e2ce, le [&hellip;]<\/p>\n","protected":false},"author":2,"featured_media":0,"comment_status":"closed","ping_status":"closed","sticky":false,"template":"","format":"standard","meta":{"footnotes":""},"categories":[13,1261,16],"tags":[1464,1190],"class_list":["post-22952","post","type-post","status-publish","format-standard","hentry","category-ecritures","category-enseignement-2","category-jardins-de-la-bible","tag-bienheureux-columba-marmion","tag-vigne"],"_links":{"self":[{"href":"https:\/\/www.associationdemarie.org\/blog\/wp-json\/wp\/v2\/posts\/22952","targetHints":{"allow":["GET"]}}],"collection":[{"href":"https:\/\/www.associationdemarie.org\/blog\/wp-json\/wp\/v2\/posts"}],"about":[{"href":"https:\/\/www.associationdemarie.org\/blog\/wp-json\/wp\/v2\/types\/post"}],"author":[{"embeddable":true,"href":"https:\/\/www.associationdemarie.org\/blog\/wp-json\/wp\/v2\/users\/2"}],"replies":[{"embeddable":true,"href":"https:\/\/www.associationdemarie.org\/blog\/wp-json\/wp\/v2\/comments?post=22952"}],"version-history":[{"count":1,"href":"https:\/\/www.associationdemarie.org\/blog\/wp-json\/wp\/v2\/posts\/22952\/revisions"}],"predecessor-version":[{"id":22954,"href":"https:\/\/www.associationdemarie.org\/blog\/wp-json\/wp\/v2\/posts\/22952\/revisions\/22954"}],"wp:attachment":[{"href":"https:\/\/www.associationdemarie.org\/blog\/wp-json\/wp\/v2\/media?parent=22952"}],"wp:term":[{"taxonomy":"category","embeddable":true,"href":"https:\/\/www.associationdemarie.org\/blog\/wp-json\/wp\/v2\/categories?post=22952"},{"taxonomy":"post_tag","embeddable":true,"href":"https:\/\/www.associationdemarie.org\/blog\/wp-json\/wp\/v2\/tags?post=22952"}],"curies":[{"name":"wp","href":"https:\/\/api.w.org\/{rel}","templated":true}]}}