{"id":22942,"date":"2023-05-07T01:54:34","date_gmt":"2023-05-07T00:54:34","guid":{"rendered":"http:\/\/www.associationdemarie.org\/blog\/?p=22942"},"modified":"2023-04-23T06:56:12","modified_gmt":"2023-04-23T05:56:12","slug":"que-votre-coeur-ne-soit-pas-bouleverse-jn-141","status":"publish","type":"post","link":"https:\/\/www.associationdemarie.org\/blog\/que-votre-coeur-ne-soit-pas-bouleverse-jn-141\/","title":{"rendered":"\u00ab Que votre c\u0153ur ne soit pas boulevers\u00e9. \u00bb (Jn 14,1)"},"content":{"rendered":"<p><img loading=\"lazy\" decoding=\"async\" class=\"aligncenter  wp-image-22943\" src=\"https:\/\/www.associationdemarie.org\/blog\/wp-content\/uploads\/2023\/04\/7-5.jpg\" alt=\"\" width=\"445\" height=\"454\" \/><\/p>\n<p>Je suis assur\u00e9 que je serai \u00e9ternellement heureux, parce que j\u2019esp\u00e8re fermement de l\u2019\u00eatre et que c\u2019est de vous, \u00f4 mon Dieu, que je l\u2019esp\u00e8re : \u00ab En toi, Seigneur, j\u2019ai mis mon espoir ; je ne serai jamais confondu \u00bb (Ps 31,2 Vg).<\/p>\n<p>Je connais, h\u00e9las ! je ne le connais que trop, que je suis fragile et changeant ; je sais ce que peuvent les tentations contre les vertus les mieux affermies ; j\u2019ai vu tomber les astres du ciel et les colonnes du firmament. Mais tout cela ne peut m\u2019effrayer tandis que j\u2019esp\u00e9rerai ; je me tiens \u00e0 couvert de tous les malheurs et je suis assur\u00e9 d\u2019esp\u00e9rer toujours, parce que j\u2019esp\u00e8re encore cette invariable esp\u00e9rance. Enfin, je suis s\u00fbre que je ne puis trop esp\u00e9rer en vous et que je ne puis avoir moins que ce que j\u2019aurais esp\u00e9r\u00e9 de vous. Ainsi j\u2019esp\u00e8re que vous me tiendrez dans les penchants les plus imp\u00e9tueux, que vous me soutiendrez contre les plus furieux assauts et que vous ferez triompher ma faiblesse de mes plus redoutables ennemis.<\/p>\n<p>J\u2019esp\u00e8re que vous m\u2019aimerez toujours et que je vous aimerai ainsi sans rel\u00e2che ; et, pour porter tout d\u2019un coup mon esp\u00e9rance aussi loin qu\u2019elle peut aller, je vous esp\u00e8re vous-m\u00eame de vous-m\u00eame, \u00f4 mon Cr\u00e9ateur, et pour le temps, et pour l\u2019\u00e9ternit\u00e9 ! Amen<\/p>\n<h3 class=\"GospelCommentaryAuthor-name commentary-author font-2\">Saint Claude la Colombi\u00e8re (1641-1682)<\/h3>\n<p>&nbsp;<\/p>\n<p>&nbsp;<\/p>\n<p>&nbsp;<\/p>\n","protected":false},"excerpt":{"rendered":"<p>Je suis assur\u00e9 que je serai \u00e9ternellement heureux, parce que j\u2019esp\u00e8re fermement de l\u2019\u00eatre et que c\u2019est de vous, \u00f4 mon Dieu, que je l\u2019esp\u00e8re : \u00ab En toi, Seigneur, j\u2019ai mis mon espoir ; je ne serai jamais confondu \u00bb (Ps 31,2 Vg). Je connais, h\u00e9las ! je ne le connais que trop, que [&hellip;]<\/p>\n","protected":false},"author":2,"featured_media":0,"comment_status":"closed","ping_status":"closed","sticky":false,"template":"","format":"standard","meta":{"footnotes":""},"categories":[26],"tags":[830,1530],"class_list":["post-22942","post","type-post","status-publish","format-standard","hentry","category-priere-des-ames","tag-priere","tag-st-claude-la-colombiere"],"_links":{"self":[{"href":"https:\/\/www.associationdemarie.org\/blog\/wp-json\/wp\/v2\/posts\/22942","targetHints":{"allow":["GET"]}}],"collection":[{"href":"https:\/\/www.associationdemarie.org\/blog\/wp-json\/wp\/v2\/posts"}],"about":[{"href":"https:\/\/www.associationdemarie.org\/blog\/wp-json\/wp\/v2\/types\/post"}],"author":[{"embeddable":true,"href":"https:\/\/www.associationdemarie.org\/blog\/wp-json\/wp\/v2\/users\/2"}],"replies":[{"embeddable":true,"href":"https:\/\/www.associationdemarie.org\/blog\/wp-json\/wp\/v2\/comments?post=22942"}],"version-history":[{"count":1,"href":"https:\/\/www.associationdemarie.org\/blog\/wp-json\/wp\/v2\/posts\/22942\/revisions"}],"predecessor-version":[{"id":22944,"href":"https:\/\/www.associationdemarie.org\/blog\/wp-json\/wp\/v2\/posts\/22942\/revisions\/22944"}],"wp:attachment":[{"href":"https:\/\/www.associationdemarie.org\/blog\/wp-json\/wp\/v2\/media?parent=22942"}],"wp:term":[{"taxonomy":"category","embeddable":true,"href":"https:\/\/www.associationdemarie.org\/blog\/wp-json\/wp\/v2\/categories?post=22942"},{"taxonomy":"post_tag","embeddable":true,"href":"https:\/\/www.associationdemarie.org\/blog\/wp-json\/wp\/v2\/tags?post=22942"}],"curies":[{"name":"wp","href":"https:\/\/api.w.org\/{rel}","templated":true}]}}