{"id":22930,"date":"2023-05-03T01:46:05","date_gmt":"2023-05-03T00:46:05","guid":{"rendered":"http:\/\/www.associationdemarie.org\/blog\/?p=22930"},"modified":"2023-04-19T07:48:15","modified_gmt":"2023-04-19T06:48:15","slug":"les-eveques-successeurs-des-apotres","status":"publish","type":"post","link":"https:\/\/www.associationdemarie.org\/blog\/les-eveques-successeurs-des-apotres\/","title":{"rendered":"Les \u00e9v\u00eaques, successeurs des ap\u00f4tres"},"content":{"rendered":"<p><img loading=\"lazy\" decoding=\"async\" class=\"aligncenter  wp-image-22931\" src=\"https:\/\/www.associationdemarie.org\/blog\/wp-content\/uploads\/2023\/04\/3-5-Synaxis_of_the_Twelve_Apostles_by_Constantinople_master_early_14th_c._Pushkin_museum.jpg\" alt=\"\" width=\"437\" height=\"507\" srcset=\"https:\/\/www.associationdemarie.org\/blog\/wp-content\/uploads\/2023\/04\/3-5-Synaxis_of_the_Twelve_Apostles_by_Constantinople_master_early_14th_c._Pushkin_museum.jpg 1159w, https:\/\/www.associationdemarie.org\/blog\/wp-content\/uploads\/2023\/04\/3-5-Synaxis_of_the_Twelve_Apostles_by_Constantinople_master_early_14th_c._Pushkin_museum-259x300.jpg 259w, https:\/\/www.associationdemarie.org\/blog\/wp-content\/uploads\/2023\/04\/3-5-Synaxis_of_the_Twelve_Apostles_by_Constantinople_master_early_14th_c._Pushkin_museum-768x891.jpg 768w, https:\/\/www.associationdemarie.org\/blog\/wp-content\/uploads\/2023\/04\/3-5-Synaxis_of_the_Twelve_Apostles_by_Constantinople_master_early_14th_c._Pushkin_museum-882x1024.jpg 882w\" sizes=\"auto, (max-width: 437px) 100vw, 437px\" \/><\/p>\n<p>Chaque \u00e9v\u00eaque est le principe visible et le fondement de l&rsquo;unit\u00e9 de son \u00e9glise particuli\u00e8re, form\u00e9e \u00e0 l&rsquo;image de l&rsquo;\u00c9glise universelle ; et c&rsquo;est dans toutes ces \u00e9glises particuli\u00e8res et par elles qu&rsquo;est constitu\u00e9e l&rsquo;\u00c9glise catholique, une et unique. Par cons\u00e9quent chaque \u00e9v\u00eaque repr\u00e9sente sa propre \u00e9glise et tous ensemble avec le Pape repr\u00e9sentent l&rsquo;\u00c9glise enti\u00e8re dans le lien de la paix, de l&rsquo;amour et de l&rsquo;unit\u00e9.<\/p>\n<p>Chaque \u00e9v\u00eaque, pr\u00e9pos\u00e9 \u00e0 une \u00e9glise particuli\u00e8re, exerce son gouvernement pastoral sur la portion du Peuple de Dieu qui lui a \u00e9t\u00e9 confi\u00e9e et non sur les autres \u00e9glises ni sur l&rsquo;\u00c9glise universelle. Mais, en tant que membres du Coll\u00e8ge \u00e9piscopal et successeurs l\u00e9gitimes des ap\u00f4tres, tous les \u00e9v\u00eaques sont tenus, par une disposition et un commandement du Christ, d&rsquo;avoir pour toute l&rsquo;\u00c9glise une sollicitude qui, sans s&rsquo;exercer par un acte de juridiction, contribue consid\u00e9rablement au bien de l&rsquo;\u00c9glise universelle. Tous les \u00e9v\u00eaques, en effet, doivent promouvoir et d\u00e9fendre l&rsquo;unit\u00e9 de la foi et la discipline commune \u00e0 toute l&rsquo;\u00c9glise, inculquer aux fid\u00e8les l&rsquo;amour de tout le Corps mystique du Christ, particuli\u00e8rement des membres pauvres et souffrants, l&rsquo;amour de ceux qui sont pers\u00e9cut\u00e9s pour la justice (cf Mt 5,10) ; et enfin, promouvoir toute activit\u00e9 commune \u00e0 l&rsquo;\u00c9glise enti\u00e8re, sp\u00e9cialement celle qui tend \u00e0 accro\u00eetre la foi et \u00e0 faire briller aux yeux de tous les hommes la lumi\u00e8re de la pleine v\u00e9rit\u00e9&#8230;<\/p>\n<p>Le soin d&rsquo;annoncer l&rsquo;\u00c9vangile dans tous les coins du monde incombe au corps des pasteurs : c&rsquo;est \u00e0 lui que le Christ en a donn\u00e9 l&rsquo;ordre, lui imposant une charge commune&#8230; Chaque \u00e9v\u00eaque donc, pour autant que le permet l&rsquo;accomplissement de sa charge particuli\u00e8re, est tenu de collaborer avec ses semblables et avec le successeur de Pierre, auquel a \u00e9t\u00e9 confi\u00e9e tout sp\u00e9cialement la charge supr\u00eame de propager le nom chr\u00e9tien.<\/p>\n<h3 class=\"GospelCommentaryAuthor-name commentary-author font-2\">Concile Vatican II<\/h3>\n<p>&nbsp;<\/p>\n<p>&nbsp;<\/p>\n<p>&nbsp;<\/p>\n","protected":false},"excerpt":{"rendered":"<p>Chaque \u00e9v\u00eaque est le principe visible et le fondement de l&rsquo;unit\u00e9 de son \u00e9glise particuli\u00e8re, form\u00e9e \u00e0 l&rsquo;image de l&rsquo;\u00c9glise universelle ; et c&rsquo;est dans toutes ces \u00e9glises particuli\u00e8res et par elles qu&rsquo;est constitu\u00e9e l&rsquo;\u00c9glise catholique, une et unique. Par cons\u00e9quent chaque \u00e9v\u00eaque repr\u00e9sente sa propre \u00e9glise et tous ensemble avec le Pape repr\u00e9sentent l&rsquo;\u00c9glise [&hellip;]<\/p>\n","protected":false},"author":2,"featured_media":0,"comment_status":"closed","ping_status":"closed","sticky":false,"template":"","format":"standard","meta":{"footnotes":""},"categories":[13],"tags":[84,336,391,1174],"class_list":["post-22930","post","type-post","status-publish","format-standard","hentry","category-ecritures","tag-apotres","tag-eglise","tag-eveque","tag-vatican-2"],"_links":{"self":[{"href":"https:\/\/www.associationdemarie.org\/blog\/wp-json\/wp\/v2\/posts\/22930","targetHints":{"allow":["GET"]}}],"collection":[{"href":"https:\/\/www.associationdemarie.org\/blog\/wp-json\/wp\/v2\/posts"}],"about":[{"href":"https:\/\/www.associationdemarie.org\/blog\/wp-json\/wp\/v2\/types\/post"}],"author":[{"embeddable":true,"href":"https:\/\/www.associationdemarie.org\/blog\/wp-json\/wp\/v2\/users\/2"}],"replies":[{"embeddable":true,"href":"https:\/\/www.associationdemarie.org\/blog\/wp-json\/wp\/v2\/comments?post=22930"}],"version-history":[{"count":1,"href":"https:\/\/www.associationdemarie.org\/blog\/wp-json\/wp\/v2\/posts\/22930\/revisions"}],"predecessor-version":[{"id":22932,"href":"https:\/\/www.associationdemarie.org\/blog\/wp-json\/wp\/v2\/posts\/22930\/revisions\/22932"}],"wp:attachment":[{"href":"https:\/\/www.associationdemarie.org\/blog\/wp-json\/wp\/v2\/media?parent=22930"}],"wp:term":[{"taxonomy":"category","embeddable":true,"href":"https:\/\/www.associationdemarie.org\/blog\/wp-json\/wp\/v2\/categories?post=22930"},{"taxonomy":"post_tag","embeddable":true,"href":"https:\/\/www.associationdemarie.org\/blog\/wp-json\/wp\/v2\/tags?post=22930"}],"curies":[{"name":"wp","href":"https:\/\/api.w.org\/{rel}","templated":true}]}}