{"id":22915,"date":"2023-04-28T01:29:21","date_gmt":"2023-04-28T00:29:21","guid":{"rendered":"http:\/\/www.associationdemarie.org\/blog\/?p=22915"},"modified":"2023-04-14T07:31:05","modified_gmt":"2023-04-14T06:31:05","slug":"le-prodige-de-lamour-de-dieu","status":"publish","type":"post","link":"https:\/\/www.associationdemarie.org\/blog\/le-prodige-de-lamour-de-dieu\/","title":{"rendered":"Le prodige de l\u2019amour de Dieu"},"content":{"rendered":"<p><img loading=\"lazy\" decoding=\"async\" class=\"aligncenter  wp-image-22916\" src=\"https:\/\/www.associationdemarie.org\/blog\/wp-content\/uploads\/2023\/04\/28-4.jpg\" alt=\"\" width=\"458\" height=\"258\" srcset=\"https:\/\/www.associationdemarie.org\/blog\/wp-content\/uploads\/2023\/04\/28-4.jpg 770w, https:\/\/www.associationdemarie.org\/blog\/wp-content\/uploads\/2023\/04\/28-4-300x169.jpg 300w, https:\/\/www.associationdemarie.org\/blog\/wp-content\/uploads\/2023\/04\/28-4-768x432.jpg 768w\" sizes=\"auto, (max-width: 458px) 100vw, 458px\" \/><\/p>\n<p>Mes fr\u00e8res, si nous consid\u00e9rons tout ce que Dieu a fait : le ciel et la terre, ce bel ordre qui r\u00e8gne dans ce vaste univers, tout nous annonce une puissance infinie qui a tout cr\u00e9\u00e9, une sagesse admirable qui gouverne tout, une bont\u00e9 supr\u00eame qui pourvoit \u00e0 tout avec la m\u00eame facilit\u00e9 que si elle n\u2019\u00e9tait occup\u00e9e qu\u2019\u00e0 un seul \u00eatre : tant de prodiges ne peuvent que nous remplir d\u2019\u00e9tonnement et d\u2019admiration.<\/p>\n<p>Mais, si nous parlons du sacrement adorable de l\u2019Eucharistie, nous pouvons dire que c\u2019est ici le prodige de l\u2019amour d\u2019un Dieu pour nous ; c\u2019est ici que sa puissance, sa gr\u00e2ce et sa bont\u00e9 \u00e9clatent d\u2019une mani\u00e8re tout extraordinaire. Nous pouvons dire avec beaucoup de v\u00e9rit\u00e9, que c\u2019est ici le pain descendu du ciel, le pain des anges, qui nous est donn\u00e9 pour nourriture de nos \u00e2mes. C\u2019est ce pain des forts qui nous console et nous adoucit nos peines. C\u2019est l\u00e0 vraiment \u00ab le pain des voyageurs \u00bb ; disons mieux, mes fr\u00e8res, c\u2019est la clef qui nous a ouvert le ciel.<\/p>\n<p>\u00ab Celui, dit le Sauveur, qui me recevra aura la vie \u00e9ternelle ; celui qui ne me recevra pas, mourra. Celui, dit le Sauveur, qui aura recours \u00e0 ce banquet sacr\u00e9 fera na\u00eetre en lui une source qui rejaillira jusqu\u2019\u00e0 la vie \u00e9ternelle. \u00bb (cf. Jn 6, 53-54)<\/p>\n<h3 class=\"GospelCommentaryAuthor-name commentary-author font-2\">Saint Jean-Marie Vianney (1786-1859)<\/h3>\n<p>&nbsp;<\/p>\n<p>&nbsp;<\/p>\n<p>&nbsp;<\/p>\n","protected":false},"excerpt":{"rendered":"<p>Mes fr\u00e8res, si nous consid\u00e9rons tout ce que Dieu a fait : le ciel et la terre, ce bel ordre qui r\u00e8gne dans ce vaste univers, tout nous annonce une puissance infinie qui a tout cr\u00e9\u00e9, une sagesse admirable qui gouverne tout, une bont\u00e9 supr\u00eame qui pourvoit \u00e0 tout avec la m\u00eame facilit\u00e9 que si [&hellip;]<\/p>\n","protected":false},"author":2,"featured_media":0,"comment_status":"closed","ping_status":"closed","sticky":false,"template":"","format":"standard","meta":{"footnotes":""},"categories":[13,1261],"tags":[385,677,1023],"class_list":["post-22915","post","type-post","status-publish","format-standard","hentry","category-ecritures","category-enseignement-2","tag-eucharistie","tag-miracle-eucharistique","tag-st-cure-dars"],"_links":{"self":[{"href":"https:\/\/www.associationdemarie.org\/blog\/wp-json\/wp\/v2\/posts\/22915","targetHints":{"allow":["GET"]}}],"collection":[{"href":"https:\/\/www.associationdemarie.org\/blog\/wp-json\/wp\/v2\/posts"}],"about":[{"href":"https:\/\/www.associationdemarie.org\/blog\/wp-json\/wp\/v2\/types\/post"}],"author":[{"embeddable":true,"href":"https:\/\/www.associationdemarie.org\/blog\/wp-json\/wp\/v2\/users\/2"}],"replies":[{"embeddable":true,"href":"https:\/\/www.associationdemarie.org\/blog\/wp-json\/wp\/v2\/comments?post=22915"}],"version-history":[{"count":1,"href":"https:\/\/www.associationdemarie.org\/blog\/wp-json\/wp\/v2\/posts\/22915\/revisions"}],"predecessor-version":[{"id":22917,"href":"https:\/\/www.associationdemarie.org\/blog\/wp-json\/wp\/v2\/posts\/22915\/revisions\/22917"}],"wp:attachment":[{"href":"https:\/\/www.associationdemarie.org\/blog\/wp-json\/wp\/v2\/media?parent=22915"}],"wp:term":[{"taxonomy":"category","embeddable":true,"href":"https:\/\/www.associationdemarie.org\/blog\/wp-json\/wp\/v2\/categories?post=22915"},{"taxonomy":"post_tag","embeddable":true,"href":"https:\/\/www.associationdemarie.org\/blog\/wp-json\/wp\/v2\/tags?post=22915"}],"curies":[{"name":"wp","href":"https:\/\/api.w.org\/{rel}","templated":true}]}}