{"id":22909,"date":"2023-04-26T01:59:00","date_gmt":"2023-04-26T00:59:00","guid":{"rendered":"http:\/\/www.associationdemarie.org\/blog\/?p=22909"},"modified":"2023-04-12T07:00:36","modified_gmt":"2023-04-12T06:00:36","slug":"lunion-de-volonte-du-pere-et-du-fils","status":"publish","type":"post","link":"https:\/\/www.associationdemarie.org\/blog\/lunion-de-volonte-du-pere-et-du-fils\/","title":{"rendered":"L\u2019union de volont\u00e9 du P\u00e8re et du Fils"},"content":{"rendered":"<p><img loading=\"lazy\" decoding=\"async\" class=\"aligncenter  wp-image-22910\" src=\"https:\/\/www.associationdemarie.org\/blog\/wp-content\/uploads\/2023\/04\/26-4.jpg\" alt=\"\" width=\"442\" height=\"321\" \/><\/p>\n<p>Telle est la pens\u00e9e que Notre Seigneur exprimait dans son humanit\u00e9, afin de nous donner comme pour le reste un mod\u00e8le \u00e0 imiter, lorsqu\u2019il disait : \u00ab P\u00e8re, s\u2019il est possible, que ce calice passe loin de moi ! Cependant, qu\u2019il en soit, non comme je le veux, mais comme vous voulez ! \u00bb (Mt 26,39) Et pourtant, sa volont\u00e9 n\u2019\u00e9tait pas diff\u00e9rente de celle de son P\u00e8re. \u00ab Car il \u00e9tait venu sauver ce qui avait p\u00e9ri, et donner sa vie pour le rachat d\u2019un grand nombre. \u00bb (Mt 18,11 ; 20,28) De sa vie, il dit de lui-m\u00eame : \u00ab Personne ne me la ravit ; c\u2019est de moi-m\u00eame que je la donne ; j\u2019ai le pouvoir de la donner, j\u2019ai le pouvoir de la reprendre. \u00bb (Jn 10,18)<\/p>\n<p>Sur l\u2019union continuelle de volont\u00e9 qui r\u00e9gnait entre son P\u00e8re et lui, le saint roi David lui fait dire au psaume 39 (v. 9) : \u00ab Je viens pour faire votre volont\u00e9. Je le veux, \u00f4 mon Dieu. \u00bb Nous lisons, il est vrai, au sujet du P\u00e8re : \u00ab Dieu a tant aim\u00e9 le monde, qu\u2019il lui a donn\u00e9 son Fils Unique. \u00bb (Jn 3,16) Mais nous trouvons au sujet du Fils cette parole : \u00ab Il s\u2019est donn\u00e9 pour nos p\u00e9ch\u00e9s. \u00bb (Gal 1,4) Il est dit du P\u00e8re : \u00ab Il n\u2019a pas \u00e9pargn\u00e9 son propre Fils ; il l\u2019a livr\u00e9 pour nous. \u00bb (Rm 8,32) Mais il est dit du Fils : \u00ab Il s\u2019est offert, parce qu\u2019il l\u2019a voulu. \u00bb (Is 53,7 Vg)<\/p>\n<p>L\u2019union de volont\u00e9 entre le P\u00e8re et le Fils est ainsi partout exprim\u00e9e, jusque dans le myst\u00e8re de la R\u00e9surrection, o\u00f9 nous voyons qu\u2019ils n\u2019eurent l\u2019un et l\u2019autre qu\u2019une seule et m\u00eame op\u00e9ration. C\u2019est le P\u00e8re qui, selon le bienheureux Ap\u00f4tre, a ressuscit\u00e9 le corps de son Fils : \u00ab \u2026 Par Dieu le P\u00e8re, dit-il, qui l\u2019a ressuscit\u00e9 des morts. \u00bb (Gal 1,1) Mais le Fils proteste aussi qu\u2019il rel\u00e8vera le temple de son corps : \u00ab D\u00e9truisez ce temple, et je le rel\u00e8verai en trois jours. \u00bb (Jn 2,19)<\/p>\n<p>Instruits \u00e0 l\u2019exemple du Seigneur, nous devons conclure toutes nos pri\u00e8res par un v\u0153u pareil au sien, et ajouter \u00e0 toutes nos demandes cette parole : \u00ab Cependant, qu\u2019il en soit, non comme je veux, mais comme vous voulez ! \u00bb (Mt 26,39)<\/p>\n<h3 class=\"GospelCommentaryAuthor-name commentary-author font-2\">Saint Jean Cassien (v. 360-435)<\/h3>\n<p>&nbsp;<\/p>\n<p>&nbsp;<\/p>\n<p>&nbsp;<\/p>\n","protected":false},"excerpt":{"rendered":"<p>Telle est la pens\u00e9e que Notre Seigneur exprimait dans son humanit\u00e9, afin de nous donner comme pour le reste un mod\u00e8le \u00e0 imiter, lorsqu\u2019il disait : \u00ab P\u00e8re, s\u2019il est possible, que ce calice passe loin de moi ! Cependant, qu\u2019il en soit, non comme je le veux, mais comme vous voulez ! \u00bb (Mt [&hellip;]<\/p>\n","protected":false},"author":2,"featured_media":0,"comment_status":"closed","ping_status":"closed","sticky":false,"template":"","format":"standard","meta":{"footnotes":""},"categories":[13,1261],"tags":[1303,1110,1202],"class_list":["post-22909","post","type-post","status-publish","format-standard","hentry","category-ecritures","category-enseignement-2","tag-st-jean-cassien","tag-ste-trinite","tag-volonte"],"_links":{"self":[{"href":"https:\/\/www.associationdemarie.org\/blog\/wp-json\/wp\/v2\/posts\/22909","targetHints":{"allow":["GET"]}}],"collection":[{"href":"https:\/\/www.associationdemarie.org\/blog\/wp-json\/wp\/v2\/posts"}],"about":[{"href":"https:\/\/www.associationdemarie.org\/blog\/wp-json\/wp\/v2\/types\/post"}],"author":[{"embeddable":true,"href":"https:\/\/www.associationdemarie.org\/blog\/wp-json\/wp\/v2\/users\/2"}],"replies":[{"embeddable":true,"href":"https:\/\/www.associationdemarie.org\/blog\/wp-json\/wp\/v2\/comments?post=22909"}],"version-history":[{"count":1,"href":"https:\/\/www.associationdemarie.org\/blog\/wp-json\/wp\/v2\/posts\/22909\/revisions"}],"predecessor-version":[{"id":22911,"href":"https:\/\/www.associationdemarie.org\/blog\/wp-json\/wp\/v2\/posts\/22909\/revisions\/22911"}],"wp:attachment":[{"href":"https:\/\/www.associationdemarie.org\/blog\/wp-json\/wp\/v2\/media?parent=22909"}],"wp:term":[{"taxonomy":"category","embeddable":true,"href":"https:\/\/www.associationdemarie.org\/blog\/wp-json\/wp\/v2\/categories?post=22909"},{"taxonomy":"post_tag","embeddable":true,"href":"https:\/\/www.associationdemarie.org\/blog\/wp-json\/wp\/v2\/tags?post=22909"}],"curies":[{"name":"wp","href":"https:\/\/api.w.org\/{rel}","templated":true}]}}