{"id":22906,"date":"2023-04-25T01:26:56","date_gmt":"2023-04-25T00:26:56","guid":{"rendered":"http:\/\/www.associationdemarie.org\/blog\/?p=22906"},"modified":"2023-04-11T07:28:56","modified_gmt":"2023-04-11T06:28:56","slug":"fete-de-saint-marc-evangeliste-4","status":"publish","type":"post","link":"https:\/\/www.associationdemarie.org\/blog\/fete-de-saint-marc-evangeliste-4\/","title":{"rendered":"F\u00eate de saint Marc, \u00e9vang\u00e9liste"},"content":{"rendered":"<p><img loading=\"lazy\" decoding=\"async\" class=\"aligncenter  wp-image-22907\" src=\"https:\/\/www.associationdemarie.org\/blog\/wp-content\/uploads\/2023\/04\/25-4.jpg\" alt=\"\" width=\"449\" height=\"299\" srcset=\"https:\/\/www.associationdemarie.org\/blog\/wp-content\/uploads\/2023\/04\/25-4.jpg 1500w, https:\/\/www.associationdemarie.org\/blog\/wp-content\/uploads\/2023\/04\/25-4-300x200.jpg 300w, https:\/\/www.associationdemarie.org\/blog\/wp-content\/uploads\/2023\/04\/25-4-768x512.jpg 768w, https:\/\/www.associationdemarie.org\/blog\/wp-content\/uploads\/2023\/04\/25-4-1024x683.jpg 1024w\" sizes=\"auto, (max-width: 449px) 100vw, 449px\" \/><\/p>\n<p>Le Seigneur de toutes choses a donn\u00e9 \u00e0 ses ap\u00f4tres le pouvoir de proclamer l&rsquo;\u00c9vangile. Et c&rsquo;est par eux que nous avons connu la v\u00e9rit\u00e9, c&rsquo;est-\u00e0-dire l&rsquo;enseignement du Fils de Dieu. C&rsquo;est \u00e0 eux que le Seigneur a dit : \u00ab Celui qui vous \u00e9coute m&rsquo;\u00e9coute ; celui qui vous rejette me rejette et rejette celui qui m&rsquo;a envoy\u00e9 \u00bb (Lc 10,16). Car nous n&rsquo;avons pas connu le plan de notre salut par d&rsquo;autres que par ceux qui nous ont fait parvenir l&rsquo;\u00c9vangile.<\/p>\n<p>Cet \u00c9vangile, ils l&rsquo;ont d&rsquo;abord pr\u00each\u00e9. Puis, par la volont\u00e9 de Dieu, ils nous l&rsquo;ont transmis dans des \u00c9critures pour qu&rsquo;il devienne \u00ab le pilier et le soutien \u00bb de notre foi (1Tm 3,15). Il n&rsquo;est pas permis de dire qu&rsquo;ils ont pr\u00each\u00e9 avant d&rsquo;avoir obtenu la connaissance parfaite, comme osent le pr\u00e9tendre certains, qui se targuent d&rsquo;\u00eatre les correcteurs des ap\u00f4tres. En effet, apr\u00e8s que notre Seigneur est ressuscit\u00e9 d&rsquo;entre les morts et que les ap\u00f4tres ont \u00e9t\u00e9 \u00ab rev\u00eatus de la force d&rsquo;en-haut \u00bb (Lc 24,49) par la venue de l&rsquo;Esprit Saint, ils ont \u00e9t\u00e9 remplis de certitude au sujet de tout et ils ont poss\u00e9d\u00e9 la connaissance parfaite. Alors, ils s&rsquo;en all\u00e8rent \u00ab jusqu&rsquo;aux extr\u00e9mit\u00e9s de la terre \u00bb, (Ps 18,5 ;Rm 10,18) proclamant la Bonne Nouvelle des biens qui nous viennent de Dieu et annon\u00e7ant aux hommes la paix du Ciel. Ils poss\u00e9daient, tous ensemble et chacun en particulier, l&rsquo;\u00ab \u00c9vangile de Dieu \u00bb.<\/p>\n<h3 class=\"GospelCommentaryAuthor-name commentary-author font-2\">Saint Ir\u00e9n\u00e9e de Lyon (v. 130-v. 208)<\/h3>\n<p>&nbsp;<\/p>\n<p>&nbsp;<\/p>\n","protected":false},"excerpt":{"rendered":"<p>Le Seigneur de toutes choses a donn\u00e9 \u00e0 ses ap\u00f4tres le pouvoir de proclamer l&rsquo;\u00c9vangile. Et c&rsquo;est par eux que nous avons connu la v\u00e9rit\u00e9, c&rsquo;est-\u00e0-dire l&rsquo;enseignement du Fils de Dieu. C&rsquo;est \u00e0 eux que le Seigneur a dit : \u00ab Celui qui vous \u00e9coute m&rsquo;\u00e9coute ; celui qui vous rejette me rejette et rejette [&hellip;]<\/p>\n","protected":false},"author":2,"featured_media":0,"comment_status":"closed","ping_status":"closed","sticky":false,"template":"","format":"standard","meta":{"footnotes":""},"categories":[3,28],"tags":[387,388,1039,1057],"class_list":["post-22906","post","type-post","status-publish","format-standard","hentry","category-liturgique","category-saints-et-saintes","tag-evangelisation","tag-evangeliste","tag-st-irenee","tag-st-marc"],"_links":{"self":[{"href":"https:\/\/www.associationdemarie.org\/blog\/wp-json\/wp\/v2\/posts\/22906","targetHints":{"allow":["GET"]}}],"collection":[{"href":"https:\/\/www.associationdemarie.org\/blog\/wp-json\/wp\/v2\/posts"}],"about":[{"href":"https:\/\/www.associationdemarie.org\/blog\/wp-json\/wp\/v2\/types\/post"}],"author":[{"embeddable":true,"href":"https:\/\/www.associationdemarie.org\/blog\/wp-json\/wp\/v2\/users\/2"}],"replies":[{"embeddable":true,"href":"https:\/\/www.associationdemarie.org\/blog\/wp-json\/wp\/v2\/comments?post=22906"}],"version-history":[{"count":1,"href":"https:\/\/www.associationdemarie.org\/blog\/wp-json\/wp\/v2\/posts\/22906\/revisions"}],"predecessor-version":[{"id":22908,"href":"https:\/\/www.associationdemarie.org\/blog\/wp-json\/wp\/v2\/posts\/22906\/revisions\/22908"}],"wp:attachment":[{"href":"https:\/\/www.associationdemarie.org\/blog\/wp-json\/wp\/v2\/media?parent=22906"}],"wp:term":[{"taxonomy":"category","embeddable":true,"href":"https:\/\/www.associationdemarie.org\/blog\/wp-json\/wp\/v2\/categories?post=22906"},{"taxonomy":"post_tag","embeddable":true,"href":"https:\/\/www.associationdemarie.org\/blog\/wp-json\/wp\/v2\/tags?post=22906"}],"curies":[{"name":"wp","href":"https:\/\/api.w.org\/{rel}","templated":true}]}}