{"id":22892,"date":"2023-04-21T01:42:58","date_gmt":"2023-04-21T00:42:58","guid":{"rendered":"http:\/\/www.associationdemarie.org\/blog\/?p=22892"},"modified":"2023-04-07T07:44:47","modified_gmt":"2023-04-07T06:44:47","slug":"jesus-prit-les-pains-rendit-grace-et-les-leur-donna","status":"publish","type":"post","link":"https:\/\/www.associationdemarie.org\/blog\/jesus-prit-les-pains-rendit-grace-et-les-leur-donna\/","title":{"rendered":"\u00ab J\u00e9sus prit les pains, rendit gr\u00e2ce, et les leur donna. \u00bb"},"content":{"rendered":"<p><img loading=\"lazy\" decoding=\"async\" class=\"aligncenter  wp-image-22893\" src=\"https:\/\/www.associationdemarie.org\/blog\/wp-content\/uploads\/2023\/04\/21-4.jpg\" alt=\"\" width=\"457\" height=\"244\" srcset=\"https:\/\/www.associationdemarie.org\/blog\/wp-content\/uploads\/2023\/04\/21-4.jpg 750w, https:\/\/www.associationdemarie.org\/blog\/wp-content\/uploads\/2023\/04\/21-4-300x160.jpg 300w\" sizes=\"auto, (max-width: 457px) 100vw, 457px\" \/><\/p>\n<p>La dimension la plus \u00e9vidente de l&rsquo;Eucharistie est sans aucun doute celle du repas. L&rsquo;Eucharistie est n\u00e9e au soir du Jeudi saint, dans le contexte du repas pascal. Elle porte donc, inscrit dans sa structure m\u00eame, le sens de la convivialit\u00e9 : \u00ab Prenez, mangez &#8230; Puis, prenant la coupe, &#8230; il la leur donna, en disant : Buvez-en tous&#8230; \u00bb (Mt 26,26.27). Cet aspect exprime bien la relation de communion que Dieu veut \u00e9tablir avec nous et que nous devons nous-m\u00eames d\u00e9velopper les uns avec les autres.<\/p>\n<p>On ne peut toutefois oublier que le repas eucharistique a aussi, et c&rsquo;est primordial, un sens profond\u00e9ment et avant tout sacrificiel. Le Christ nous y pr\u00e9sente \u00e0 nouveau le sacrifice accompli une fois pour toutes sur le Golgotha. Tout en y \u00e9tant pr\u00e9sent comme Ressuscit\u00e9, il porte les signes de sa Passion, dont chaque messe est le \u00ab m\u00e9morial \u00bb, ainsi que nous le rappelle la liturgie dans l&rsquo;acclamation apr\u00e8s la cons\u00e9cration : \u00ab Nous proclamons ta mort, Seigneur J\u00e9sus, nous c\u00e9l\u00e9brons ta r\u00e9surrection&#8230; \u00bb. En m\u00eame temps, tandis qu&rsquo;elle rend pr\u00e9sent le pass\u00e9, l&rsquo;Eucharistie nous tourne vers l&rsquo;avenir de l&rsquo;ultime retour du Christ, \u00e0 la fin des temps. Cet aspect \u00ab eschatologique \u00bb donne au sacrement eucharistique une dynamique qui met en marche et qui donne au cheminement chr\u00e9tien le souffle de l&rsquo;esp\u00e9rance.<\/p>\n<p>Toutes ces dimensions de l&rsquo;Eucharistie se rejoignent dans un aspect qui, plus que tous les autres, met notre foi \u00e0 l&rsquo;\u00e9preuve, \u00e0 savoir celui du myst\u00e8re de la pr\u00e9sence \u00ab r\u00e9elle \u00bb. Avec toute la tradition de l&rsquo;\u00c9glise, nous croyons que, sous les esp\u00e8ces eucharistiques, J\u00e9sus est r\u00e9ellement pr\u00e9sent. (&#8230;) C&rsquo;est sa pr\u00e9sence m\u00eame qui donne \u00e0 toutes les autres dimensions \u2013 repas, m\u00e9morial de la P\u00e2que, anticipation eschatologique \u2013 une signification qui va bien au-del\u00e0 d&rsquo;un pur symbolisme. L&rsquo;Eucharistie est myst\u00e8re de pr\u00e9sence, par lequel se r\u00e9alise de mani\u00e8re \u00e9minente la promesse de J\u00e9sus de rester avec nous jusqu&rsquo;\u00e0 la fin du monde (Mt 28,20).<\/p>\n<h3 class=\"GospelCommentaryAuthor-name commentary-author font-2\">Saint Jean-Paul II (1920-2005)<\/h3>\n<p>&nbsp;<\/p>\n<p>&nbsp;<\/p>\n<p>&nbsp;<\/p>\n","protected":false},"excerpt":{"rendered":"<p>La dimension la plus \u00e9vidente de l&rsquo;Eucharistie est sans aucun doute celle du repas. L&rsquo;Eucharistie est n\u00e9e au soir du Jeudi saint, dans le contexte du repas pascal. Elle porte donc, inscrit dans sa structure m\u00eame, le sens de la convivialit\u00e9 : \u00ab Prenez, mangez &#8230; Puis, prenant la coupe, &#8230; il la leur donna, [&hellip;]<\/p>\n","protected":false},"author":2,"featured_media":0,"comment_status":"closed","ping_status":"closed","sticky":false,"template":"","format":"standard","meta":{"footnotes":""},"categories":[13,1261],"tags":[385,1335,754,1253],"class_list":["post-22892","post","type-post","status-publish","format-standard","hentry","category-ecritures","category-enseignement-2","tag-eucharistie","tag-multiplication","tag-pain","tag-st-jean-paul-2"],"_links":{"self":[{"href":"https:\/\/www.associationdemarie.org\/blog\/wp-json\/wp\/v2\/posts\/22892","targetHints":{"allow":["GET"]}}],"collection":[{"href":"https:\/\/www.associationdemarie.org\/blog\/wp-json\/wp\/v2\/posts"}],"about":[{"href":"https:\/\/www.associationdemarie.org\/blog\/wp-json\/wp\/v2\/types\/post"}],"author":[{"embeddable":true,"href":"https:\/\/www.associationdemarie.org\/blog\/wp-json\/wp\/v2\/users\/2"}],"replies":[{"embeddable":true,"href":"https:\/\/www.associationdemarie.org\/blog\/wp-json\/wp\/v2\/comments?post=22892"}],"version-history":[{"count":1,"href":"https:\/\/www.associationdemarie.org\/blog\/wp-json\/wp\/v2\/posts\/22892\/revisions"}],"predecessor-version":[{"id":22894,"href":"https:\/\/www.associationdemarie.org\/blog\/wp-json\/wp\/v2\/posts\/22892\/revisions\/22894"}],"wp:attachment":[{"href":"https:\/\/www.associationdemarie.org\/blog\/wp-json\/wp\/v2\/media?parent=22892"}],"wp:term":[{"taxonomy":"category","embeddable":true,"href":"https:\/\/www.associationdemarie.org\/blog\/wp-json\/wp\/v2\/categories?post=22892"},{"taxonomy":"post_tag","embeddable":true,"href":"https:\/\/www.associationdemarie.org\/blog\/wp-json\/wp\/v2\/tags?post=22892"}],"curies":[{"name":"wp","href":"https:\/\/api.w.org\/{rel}","templated":true}]}}