{"id":22880,"date":"2023-04-17T01:29:46","date_gmt":"2023-04-17T00:29:46","guid":{"rendered":"http:\/\/www.associationdemarie.org\/blog\/?p=22880"},"modified":"2023-04-03T07:31:21","modified_gmt":"2023-04-03T06:31:21","slug":"il-vous-faut-naitre-den-haut","status":"publish","type":"post","link":"https:\/\/www.associationdemarie.org\/blog\/il-vous-faut-naitre-den-haut\/","title":{"rendered":"\u00ab Il vous faut na\u00eetre d\u2019en haut. \u00bb"},"content":{"rendered":"<p><img loading=\"lazy\" decoding=\"async\" class=\"aligncenter  wp-image-22881\" src=\"https:\/\/www.associationdemarie.org\/blog\/wp-content\/uploads\/2023\/04\/17-4.gif\" alt=\"\" width=\"424\" height=\"317\" \/><\/p>\n<p>L\u2019enfance spirituelle faite de pauvret\u00e9 jalousement conserv\u00e9e \u00e9tait \u00e0 la port\u00e9e de Nicod\u00e8me, cet homme consid\u00e9rable parmi les Juifs. Il pouvait la faire sienne, sans rien supprimer de ce qu&rsquo;exigeaient son rang et l&rsquo;exercice de ses fonctions, sans prendre les attitudes et un langage enfantins&#8230; Il devait la faire sienne, car pour rena\u00eetre sous le souffle de l&rsquo;Esprit, il faut \u00eatre pauvre, confiant et d\u00e9pendant en tout de Dieu. Ou plut\u00f4t, rena\u00eetre n&rsquo;est pas autre chose que devenir progressivement un enfant.<\/p>\n<p>Tandis qu&rsquo;en effet, la g\u00e9n\u00e9ration dans l&rsquo;ordre naturel, r\u00e9alis\u00e9e dans le sein de la m\u00e8re, s&rsquo;\u00e9panouit dans une s\u00e9paration progressive jusqu&rsquo;\u00e0 ce que l&rsquo;enfant puisse vivre sa vie ind\u00e9pendante et parfaite, la g\u00e9n\u00e9ration spirituelle se fait en sens inverse par une absorption progressive dans l&rsquo;unit\u00e9. S\u00e9par\u00e9s de Dieu par le p\u00e9ch\u00e9, nous sommes \u00e9clair\u00e9s par sa lumi\u00e8re, pris dans les liens de plus en plus \u00e9troits de son amour, jusqu&rsquo;\u00e0 ce que, devenus de vrais enfants, nous soyons perdus en son sein, ne vivant plus que de sa vie et de son Esprit.<\/p>\n<p>\u00ab Ceux-l\u00e0 sont les vrais enfants de Dieu qui sont mus par son Esprit \u00bb (Rm 8,14), c&rsquo;est-\u00e0-dire ceux qui, par leur pauvret\u00e9 spirituelle et le d\u00e9gagement d&rsquo;eux-m\u00eames, ont perdu leurs op\u00e9rations propres et sont entr\u00e9s dans le sein de Dieu o\u00f9 leur vie et leurs mouvements d\u00e9pendent en tout de l&rsquo;Esprit qui engendre. Tel est le sens et la valeur de l&rsquo;enfance spirituelle. Parfaitement r\u00e9alis\u00e9e, elle est d\u00e9j\u00e0 la saintet\u00e9.<\/p>\n<h3 class=\"GospelCommentaryAuthor-name commentary-author font-2\">Bienheureux Marie-Eug\u00e8ne de l&rsquo;Enfant-J\u00e9sus (1894-1967)<\/h3>\n<p>&nbsp;<\/p>\n<p>&nbsp;<\/p>\n<p>&nbsp;<\/p>\n","protected":false},"excerpt":{"rendered":"<p>L\u2019enfance spirituelle faite de pauvret\u00e9 jalousement conserv\u00e9e \u00e9tait \u00e0 la port\u00e9e de Nicod\u00e8me, cet homme consid\u00e9rable parmi les Juifs. Il pouvait la faire sienne, sans rien supprimer de ce qu&rsquo;exigeaient son rang et l&rsquo;exercice de ses fonctions, sans prendre les attitudes et un langage enfantins&#8230; Il devait la faire sienne, car pour rena\u00eetre sous le [&hellip;]<\/p>\n","protected":false},"author":2,"featured_media":0,"comment_status":"closed","ping_status":"closed","sticky":false,"template":"","format":"standard","meta":{"footnotes":""},"categories":[13,1261],"tags":[1597],"class_list":["post-22880","post","type-post","status-publish","format-standard","hentry","category-ecritures","category-enseignement-2","tag-bienheureux-marie-eugene-de-lenfant-jesus"],"_links":{"self":[{"href":"https:\/\/www.associationdemarie.org\/blog\/wp-json\/wp\/v2\/posts\/22880","targetHints":{"allow":["GET"]}}],"collection":[{"href":"https:\/\/www.associationdemarie.org\/blog\/wp-json\/wp\/v2\/posts"}],"about":[{"href":"https:\/\/www.associationdemarie.org\/blog\/wp-json\/wp\/v2\/types\/post"}],"author":[{"embeddable":true,"href":"https:\/\/www.associationdemarie.org\/blog\/wp-json\/wp\/v2\/users\/2"}],"replies":[{"embeddable":true,"href":"https:\/\/www.associationdemarie.org\/blog\/wp-json\/wp\/v2\/comments?post=22880"}],"version-history":[{"count":1,"href":"https:\/\/www.associationdemarie.org\/blog\/wp-json\/wp\/v2\/posts\/22880\/revisions"}],"predecessor-version":[{"id":22882,"href":"https:\/\/www.associationdemarie.org\/blog\/wp-json\/wp\/v2\/posts\/22880\/revisions\/22882"}],"wp:attachment":[{"href":"https:\/\/www.associationdemarie.org\/blog\/wp-json\/wp\/v2\/media?parent=22880"}],"wp:term":[{"taxonomy":"category","embeddable":true,"href":"https:\/\/www.associationdemarie.org\/blog\/wp-json\/wp\/v2\/categories?post=22880"},{"taxonomy":"post_tag","embeddable":true,"href":"https:\/\/www.associationdemarie.org\/blog\/wp-json\/wp\/v2\/tags?post=22880"}],"curies":[{"name":"wp","href":"https:\/\/api.w.org\/{rel}","templated":true}]}}