{"id":22877,"date":"2023-04-16T02:42:00","date_gmt":"2023-04-16T01:42:00","guid":{"rendered":"http:\/\/www.associationdemarie.org\/blog\/?p=22877"},"modified":"2023-04-02T21:44:07","modified_gmt":"2023-04-02T20:44:07","slug":"les-entrailles-de-la-misericorde-divine-nous-sont-ouvertes","status":"publish","type":"post","link":"https:\/\/www.associationdemarie.org\/blog\/les-entrailles-de-la-misericorde-divine-nous-sont-ouvertes\/","title":{"rendered":"Les entrailles de la mis\u00e9ricorde divine nous sont ouvertes !"},"content":{"rendered":"<p><img loading=\"lazy\" decoding=\"async\" class=\"aligncenter  wp-image-22878\" src=\"https:\/\/www.associationdemarie.org\/blog\/wp-content\/uploads\/2023\/04\/16-4-neuvaine-a-la-misericorde-divine.jpg\" alt=\"\" width=\"438\" height=\"600\" srcset=\"https:\/\/www.associationdemarie.org\/blog\/wp-content\/uploads\/2023\/04\/16-4-neuvaine-a-la-misericorde-divine.jpg 500w, https:\/\/www.associationdemarie.org\/blog\/wp-content\/uploads\/2023\/04\/16-4-neuvaine-a-la-misericorde-divine-219x300.jpg 219w\" sizes=\"auto, (max-width: 438px) 100vw, 438px\" \/><\/p>\n<p>La mis\u00e9ricorde du Seigneur je chanterai,<br \/>\nPour les si\u00e8cles devant tout le peuple,<br \/>\nCar c\u2019est le plus grand attribut de Dieu,<br \/>\nEt pour nous un incessant miracle.<\/p>\n<p>Tu jaillis de la Trinit\u00e9 divine<br \/>\nMais d\u2019un seul sein plein d\u2019amour ;<br \/>\nLa mis\u00e9ricorde du Seigneur se montrera dans l\u2019\u00e2me<br \/>\nDans la pl\u00e9nitude, quand le voile tombera.<\/p>\n<p>De la source de Ta mis\u00e9ricorde, \u00f4 Seigneur,<br \/>\nD\u00e9coule tout bonheur et toute vie ;<br \/>\nAinsi donc, toutes les cr\u00e9atures et toutes les \u0153uvres<br \/>\nChantez dans le ravissement un chant de mis\u00e9ricorde.<\/p>\n<p>Les entrailles de la mis\u00e9ricorde divine nous sont ouvertes,<br \/>\nPar la vie de J\u00e9sus, clou\u00e9 sur la croix ;<br \/>\nTu ne dois pas douter, ni d\u00e9sesp\u00e9rer, p\u00e9cheur,<br \/>\nMais avoir confiance en la mis\u00e9ricorde, car toi aussi tu peux devenir saint.<\/p>\n<p>Deux sources en forme de rayons ont jailli<br \/>\nDu C\u0153ur de J\u00e9sus,<br \/>\nNon pour les anges, ni pour les ch\u00e9rubins, ni pour les S\u00e9raphins,<br \/>\nMais pour le salut de l\u2019homme p\u00e9cheur.<\/p>\n<h3 class=\"GospelCommentaryAuthor-name commentary-author font-2\">Sainte Faustine Kowalska (1905-1938)<\/h3>\n<p>&nbsp;<\/p>\n<p>&nbsp;<\/p>\n<p>&nbsp;<\/p>\n","protected":false},"excerpt":{"rendered":"<p>La mis\u00e9ricorde du Seigneur je chanterai, Pour les si\u00e8cles devant tout le peuple, Car c\u2019est le plus grand attribut de Dieu, Et pour nous un incessant miracle. Tu jaillis de la Trinit\u00e9 divine Mais d\u2019un seul sein plein d\u2019amour ; La mis\u00e9ricorde du Seigneur se montrera dans l\u2019\u00e2me Dans la pl\u00e9nitude, quand le voile tombera. [&hellip;]<\/p>\n","protected":false},"author":2,"featured_media":0,"comment_status":"closed","ping_status":"closed","sticky":false,"template":"","format":"standard","meta":{"footnotes":""},"categories":[3,26,28],"tags":[307,1094],"class_list":["post-22877","post","type-post","status-publish","format-standard","hentry","category-liturgique","category-priere-des-ames","category-saints-et-saintes","tag-divine-misericorde","tag-ste-faustine"],"_links":{"self":[{"href":"https:\/\/www.associationdemarie.org\/blog\/wp-json\/wp\/v2\/posts\/22877","targetHints":{"allow":["GET"]}}],"collection":[{"href":"https:\/\/www.associationdemarie.org\/blog\/wp-json\/wp\/v2\/posts"}],"about":[{"href":"https:\/\/www.associationdemarie.org\/blog\/wp-json\/wp\/v2\/types\/post"}],"author":[{"embeddable":true,"href":"https:\/\/www.associationdemarie.org\/blog\/wp-json\/wp\/v2\/users\/2"}],"replies":[{"embeddable":true,"href":"https:\/\/www.associationdemarie.org\/blog\/wp-json\/wp\/v2\/comments?post=22877"}],"version-history":[{"count":1,"href":"https:\/\/www.associationdemarie.org\/blog\/wp-json\/wp\/v2\/posts\/22877\/revisions"}],"predecessor-version":[{"id":22879,"href":"https:\/\/www.associationdemarie.org\/blog\/wp-json\/wp\/v2\/posts\/22877\/revisions\/22879"}],"wp:attachment":[{"href":"https:\/\/www.associationdemarie.org\/blog\/wp-json\/wp\/v2\/media?parent=22877"}],"wp:term":[{"taxonomy":"category","embeddable":true,"href":"https:\/\/www.associationdemarie.org\/blog\/wp-json\/wp\/v2\/categories?post=22877"},{"taxonomy":"post_tag","embeddable":true,"href":"https:\/\/www.associationdemarie.org\/blog\/wp-json\/wp\/v2\/tags?post=22877"}],"curies":[{"name":"wp","href":"https:\/\/api.w.org\/{rel}","templated":true}]}}