{"id":2286,"date":"2011-02-02T01:37:04","date_gmt":"2011-02-02T01:37:04","guid":{"rendered":"http:\/\/preprod.meltem-int.com\/marie\/blog\/?p=2286"},"modified":"2011-02-02T01:37:04","modified_gmt":"2011-02-02T01:37:04","slug":"presentation-de-jesus","status":"publish","type":"post","link":"https:\/\/www.associationdemarie.org\/blog\/presentation-de-jesus\/","title":{"rendered":"Pr\u00e9sentation de J\u00e9sus"},"content":{"rendered":"<p><span style=\"color: #00ffff;\"><span style=\"font-size: medium;\"><br \/>\n<\/span><\/span><\/p>\n<p><span style=\"font-size: large; color: #00ffff;\"><a href=\"https:\/\/www.associationdemarie.org\/blog\/wp-content\/uploads\/2011\/01\/bougie_018.gif\"><img loading=\"lazy\" decoding=\"async\" class=\"size-full wp-image-2289 alignright\" style=\"float: right; border: 0px initial initial;\" title=\"bougie_018\" src=\"https:\/\/www.associationdemarie.org\/blog\/wp-content\/uploads\/2011\/01\/bougie_018.gif\" alt=\"\" width=\"103\" height=\"140\" \/><\/a><span style=\"color: #3366ff;\"><span style=\"font-size: small;\"> <\/span><\/span><\/span><\/p>\n<p>La Chandeleur ou f\u00eate des chandelles est le nom populaire de la f\u00eate de la <em><strong>Pr\u00e9sentation de J\u00e9sus au Temple<\/strong> <\/em>ou<em> Pr\u00e9sentation du Seigneur <\/em>(autrefois <em>Purification de la Vierge Marie<\/em>). Elle rappelle que J\u00e9sus, suivant la loi juive, fut pr\u00e9sent\u00e9 au Temple de J\u00e9rusalem, quarante jours apr\u00e8s sa naissance et offert \u00e0 Dieu (Luc 2, 22-40). En ce jour, le vieux <em>Sim\u00e9on<\/em> vit l&rsquo;Enfant J\u00e9sus et, le premier, l&rsquo;appela <em>Lumi\u00e8re pour \u00e9clairer les nations<\/em><em> <\/em>&#8230; d&rsquo;o\u00f9 l&rsquo;utilisation des cierges b\u00e9nits port\u00e9s en procession pendant la c\u00e9r\u00e9monie et le nom commun de celle-ci.<\/p>\n<p><span style=\"color: #ffffff;\">.<\/span><\/p>\n","protected":false},"excerpt":{"rendered":"<p>La Chandeleur ou f\u00eate des chandelles est le nom populaire de la f\u00eate de la Pr\u00e9sentation de J\u00e9sus au Temple ou Pr\u00e9sentation du Seigneur (autrefois Purification de la Vierge Marie). Elle rappelle que J\u00e9sus, suivant la loi juive, fut pr\u00e9sent\u00e9 au Temple de J\u00e9rusalem, quarante jours apr\u00e8s sa naissance et offert \u00e0 Dieu (Luc 2, [&hellip;]<\/p>\n","protected":false},"author":2,"featured_media":0,"comment_status":"closed","ping_status":"closed","sticky":false,"template":"","format":"standard","meta":{"footnotes":""},"categories":[2,3,13,15],"tags":[532,824,984,1130],"class_list":["post-2286","post","type-post","status-publish","format-standard","hentry","category-actualites","category-liturgique","category-ecritures","category-histoire","tag-jerusalem","tag-presentation-de-jesus","tag-simeon","tag-temple"],"_links":{"self":[{"href":"https:\/\/www.associationdemarie.org\/blog\/wp-json\/wp\/v2\/posts\/2286","targetHints":{"allow":["GET"]}}],"collection":[{"href":"https:\/\/www.associationdemarie.org\/blog\/wp-json\/wp\/v2\/posts"}],"about":[{"href":"https:\/\/www.associationdemarie.org\/blog\/wp-json\/wp\/v2\/types\/post"}],"author":[{"embeddable":true,"href":"https:\/\/www.associationdemarie.org\/blog\/wp-json\/wp\/v2\/users\/2"}],"replies":[{"embeddable":true,"href":"https:\/\/www.associationdemarie.org\/blog\/wp-json\/wp\/v2\/comments?post=2286"}],"version-history":[{"count":0,"href":"https:\/\/www.associationdemarie.org\/blog\/wp-json\/wp\/v2\/posts\/2286\/revisions"}],"wp:attachment":[{"href":"https:\/\/www.associationdemarie.org\/blog\/wp-json\/wp\/v2\/media?parent=2286"}],"wp:term":[{"taxonomy":"category","embeddable":true,"href":"https:\/\/www.associationdemarie.org\/blog\/wp-json\/wp\/v2\/categories?post=2286"},{"taxonomy":"post_tag","embeddable":true,"href":"https:\/\/www.associationdemarie.org\/blog\/wp-json\/wp\/v2\/tags?post=2286"}],"curies":[{"name":"wp","href":"https:\/\/api.w.org\/{rel}","templated":true}]}}