{"id":22857,"date":"2023-04-10T01:00:38","date_gmt":"2023-04-10T00:00:38","guid":{"rendered":"http:\/\/www.associationdemarie.org\/blog\/?p=22857"},"modified":"2023-03-27T08:02:24","modified_gmt":"2023-03-27T07:02:24","slug":"le-lundi-de-paques-5","status":"publish","type":"post","link":"https:\/\/www.associationdemarie.org\/blog\/le-lundi-de-paques-5\/","title":{"rendered":"Le lundi de P\u00e2ques"},"content":{"rendered":"<p><img loading=\"lazy\" decoding=\"async\" class=\"aligncenter  wp-image-22858\" src=\"https:\/\/www.associationdemarie.org\/blog\/wp-content\/uploads\/2023\/03\/10-4.jpg\" alt=\"\" width=\"461\" height=\"307\" srcset=\"https:\/\/www.associationdemarie.org\/blog\/wp-content\/uploads\/2023\/03\/10-4.jpg 600w, https:\/\/www.associationdemarie.org\/blog\/wp-content\/uploads\/2023\/03\/10-4-300x200.jpg 300w\" sizes=\"auto, (max-width: 461px) 100vw, 461px\" \/><\/p>\n<p>\u00ab R\u00e9jouis-toi, J\u00e9rusalem, r\u00e9unissez-vous, vous tous qui aimez \u00bb (Is 66, 10) J\u00e9sus, car il est ressuscit\u00e9. R\u00e9jouissez-vous, vous tous qui avez \u00e9t\u00e9 nagu\u00e8re dans la peine, (\u2026) car celui qui a subi la violence, \u00e0 son tour, il est ressuscit\u00e9. De m\u00eame que le rappel de la croix attristait notre assembl\u00e9e, qu\u2019ainsi la bonne nouvelle de la r\u00e9surrection soit sa joie. Que la tristesse se change en joie, les lamentations en all\u00e9gresse et que joie et all\u00e9gresse remplissent notre bouche, en l\u2019honneur de celui qui apr\u00e8s sa r\u00e9surrection a dit : \u00ab R\u00e9jouissez-vous ! \u00bb (Mt 28,9).<\/p>\n<p>Je sais en effet quel \u00e9tait dans les jours \u00e9coul\u00e9s, le chagrin des amis du Christ, quand nous ne disions plus rien de sa mort ni de son ensevelissement, et que nous n\u2019avions pas proclam\u00e9 la bonne nouvelle de sa r\u00e9surrection : votre esprit en suspens guettait la nouvelle d\u00e9sir\u00e9e. Il est donc ressuscit\u00e9, le mort, celui qui est \u00ab libre entre les morts \u00bb (Ps 87,6) et lib\u00e9rateur des morts, l\u2019homme qui sans se plaindre avait ceint la d\u00e9shonorante couronne d\u2019\u00e9pines, cet homme, ressuscit\u00e9, a ceint le diad\u00e8me de la victoire sur la mort.<\/p>\n<p>Eh bien ! de m\u00eame que nous avons produit les t\u00e9moignages qui concernent sa croix, de m\u00eame maintenant, \u00e9tablissons aussi par ses preuves la r\u00e9surrection : l\u2019Ap\u00f4tre est l\u00e0 pour nous affirmer en effet : \u00ab Il a \u00e9t\u00e9 enseveli, et il est ressuscit\u00e9 le troisi\u00e8me jour selon les Ecritures \u00bb (1Co 15,4).<\/p>\n<h3 class=\"GospelCommentaryAuthor-name commentary-author font-2\">Saint Cyrille de J\u00e9rusalem (313-350)<\/h3>\n<p>&nbsp;<\/p>\n<p>&nbsp;<\/p>\n","protected":false},"excerpt":{"rendered":"<p>\u00ab R\u00e9jouis-toi, J\u00e9rusalem, r\u00e9unissez-vous, vous tous qui aimez \u00bb (Is 66, 10) J\u00e9sus, car il est ressuscit\u00e9. R\u00e9jouissez-vous, vous tous qui avez \u00e9t\u00e9 nagu\u00e8re dans la peine, (\u2026) car celui qui a subi la violence, \u00e0 son tour, il est ressuscit\u00e9. De m\u00eame que le rappel de la croix attristait notre assembl\u00e9e, qu\u2019ainsi la bonne [&hellip;]<\/p>\n","protected":false},"author":2,"featured_media":0,"comment_status":"closed","ping_status":"closed","sticky":false,"template":"","format":"standard","meta":{"footnotes":""},"categories":[3],"tags":[601,892,1499],"class_list":["post-22857","post","type-post","status-publish","format-standard","hentry","category-liturgique","tag-lundi-de-paques","tag-resurrection","tag-st-cyrille-de-jerusalem"],"_links":{"self":[{"href":"https:\/\/www.associationdemarie.org\/blog\/wp-json\/wp\/v2\/posts\/22857","targetHints":{"allow":["GET"]}}],"collection":[{"href":"https:\/\/www.associationdemarie.org\/blog\/wp-json\/wp\/v2\/posts"}],"about":[{"href":"https:\/\/www.associationdemarie.org\/blog\/wp-json\/wp\/v2\/types\/post"}],"author":[{"embeddable":true,"href":"https:\/\/www.associationdemarie.org\/blog\/wp-json\/wp\/v2\/users\/2"}],"replies":[{"embeddable":true,"href":"https:\/\/www.associationdemarie.org\/blog\/wp-json\/wp\/v2\/comments?post=22857"}],"version-history":[{"count":1,"href":"https:\/\/www.associationdemarie.org\/blog\/wp-json\/wp\/v2\/posts\/22857\/revisions"}],"predecessor-version":[{"id":22859,"href":"https:\/\/www.associationdemarie.org\/blog\/wp-json\/wp\/v2\/posts\/22857\/revisions\/22859"}],"wp:attachment":[{"href":"https:\/\/www.associationdemarie.org\/blog\/wp-json\/wp\/v2\/media?parent=22857"}],"wp:term":[{"taxonomy":"category","embeddable":true,"href":"https:\/\/www.associationdemarie.org\/blog\/wp-json\/wp\/v2\/categories?post=22857"},{"taxonomy":"post_tag","embeddable":true,"href":"https:\/\/www.associationdemarie.org\/blog\/wp-json\/wp\/v2\/tags?post=22857"}],"curies":[{"name":"wp","href":"https:\/\/api.w.org\/{rel}","templated":true}]}}