{"id":22854,"date":"2023-04-09T01:09:33","date_gmt":"2023-04-09T00:09:33","guid":{"rendered":"http:\/\/www.associationdemarie.org\/blog\/?p=22854"},"modified":"2023-03-26T10:11:18","modified_gmt":"2023-03-26T09:11:18","slug":"voici-le-jour-que-le-seigneur-a-fait-ps-11724","status":"publish","type":"post","link":"https:\/\/www.associationdemarie.org\/blog\/voici-le-jour-que-le-seigneur-a-fait-ps-11724\/","title":{"rendered":"\u00ab Voici le jour que le Seigneur a fait. \u00bb (Ps 117,24)"},"content":{"rendered":"<p><img loading=\"lazy\" decoding=\"async\" class=\"aligncenter  wp-image-22855\" src=\"https:\/\/www.associationdemarie.org\/blog\/wp-content\/uploads\/2023\/03\/9-4.png\" alt=\"\" width=\"444\" height=\"444\" srcset=\"https:\/\/www.associationdemarie.org\/blog\/wp-content\/uploads\/2023\/03\/9-4.png 502w, https:\/\/www.associationdemarie.org\/blog\/wp-content\/uploads\/2023\/03\/9-4-150x150.png 150w, https:\/\/www.associationdemarie.org\/blog\/wp-content\/uploads\/2023\/03\/9-4-300x300.png 300w\" sizes=\"auto, (max-width: 444px) 100vw, 444px\" \/><\/p>\n<p>Laissons \u00e9clater notre joie, mes fr\u00e8res, aujourd&rsquo;hui comme hier. Si les ombres de la nuit ont interrompu nos r\u00e9jouissances, le jour saint n&rsquo;est pas achev\u00e9&#8230;: la clart\u00e9 que r\u00e9pand la joie du Seigneur est \u00e9ternelle. Le Christ nous illuminait hier ; aujourd&rsquo;hui encore resplendit sa lumi\u00e8re. \u00ab J\u00e9sus Christ est le m\u00eame hier et aujourd&rsquo;hui \u00bb dit le bienheureux ap\u00f4tre Paul (He 13,8). Oui, pour nous le Christ s&rsquo;est fait le jour. Pour nous, il est n\u00e9 aujourd&rsquo;hui, comme l&rsquo;annonce Dieu son P\u00e8re par la voix de David : \u00ab Tu es mon fils ; aujourd&rsquo;hui je t&rsquo;ai engendr\u00e9 \u00bb (Ps 2,7). Qu&rsquo;est-ce \u00e0 dire ? Qu&rsquo;il n&rsquo;a pas engendr\u00e9 son fils un jour, mais qu&rsquo;il l&rsquo;a engendr\u00e9 jour et lumi\u00e8re lui-m\u00eame&#8230;<\/p>\n<p>Oui, le Christ est notre aujourd&rsquo;hui : splendeur vivante et sans d\u00e9clin, il ne cesse d&#8217;embraser le monde qu&rsquo;il porte (He 1,3) et ce flamboiement \u00e9ternel semble n&rsquo;\u00eatre qu&rsquo;un jour. \u00ab Mille ans sont \u00e0 tes yeux comme un seul jour \u00bb s&rsquo;\u00e9crie le proph\u00e8te (Ps 89,4). Oui, le Christ est ce jour unique, parce que unique est l&rsquo;\u00e9ternit\u00e9 de Dieu. Il est notre aujourd&rsquo;hui : le pass\u00e9, enfui, ne lui \u00e9chappe pas ; l&rsquo;avenir, inconnu, n&rsquo;a pas de secrets pour lui. Lumi\u00e8re souveraine, il \u00e9treint tout, il conna\u00eet tout, \u00e0 tous les temps il est pr\u00e9sent et il les poss\u00e8de tous. Devant lui, le pass\u00e9 ne peut pas s&rsquo;effondrer, ni l&rsquo;avenir se d\u00e9rober&#8230; Cet aujourd&rsquo;hui n&rsquo;est pas le temps o\u00f9 selon la chair il est n\u00e9 de la Vierge Marie, ni celui o\u00f9 selon la divinit\u00e9, il sort de la bouche de Dieu son P\u00e8re, mais le temps o\u00f9 il est ressuscit\u00e9 d&rsquo;entre les morts : \u00ab Il a ressuscit\u00e9 J\u00e9sus, dit l&rsquo;ap\u00f4tre Paul ; ainsi est-il \u00e9crit au psaume deuxi\u00e8me : &lsquo; Tu es mon fils ; aujourd&rsquo;hui je t&rsquo;ai engendr\u00e9 &lsquo; \u00bb (Ac 13,33).<\/p>\n<p>Vraiment, il est notre aujourd&rsquo;hui, quand, jailli de la nuit \u00e9paisse des enfers, il embrase les hommes. Vraiment, il est notre jour, celui que les noirs complots de ses ennemis n&rsquo;ont pas pu obscurcir. Nul jour mieux que ce jour n&rsquo;a su accueillir la lumi\u00e8re : \u00e0 tous les morts, il a rendu et le jour et la vie. La vieillesse avait \u00e9tendu les hommes dans la mort ; il les a relev\u00e9s dans la vigueur de son aujourd&rsquo;hui.<\/p>\n<h3 class=\"GospelCommentaryAuthor-name commentary-author font-2\">Saint Maxime de Turin (?-v. 420)<\/h3>\n<p>&nbsp;<\/p>\n<p>&nbsp;<\/p>\n<p>&nbsp;<\/p>\n","protected":false},"excerpt":{"rendered":"<p>Laissons \u00e9clater notre joie, mes fr\u00e8res, aujourd&rsquo;hui comme hier. Si les ombres de la nuit ont interrompu nos r\u00e9jouissances, le jour saint n&rsquo;est pas achev\u00e9&#8230;: la clart\u00e9 que r\u00e9pand la joie du Seigneur est \u00e9ternelle. Le Christ nous illuminait hier ; aujourd&rsquo;hui encore resplendit sa lumi\u00e8re. \u00ab J\u00e9sus Christ est le m\u00eame hier et aujourd&rsquo;hui [&hellip;]<\/p>\n","protected":false},"author":2,"featured_media":0,"comment_status":"closed","ping_status":"closed","sticky":false,"template":"","format":"standard","meta":{"footnotes":""},"categories":[3],"tags":[763,892,1513],"class_list":["post-22854","post","type-post","status-publish","format-standard","hentry","category-liturgique","tag-paques","tag-resurrection","tag-st-maxime-de-turin"],"_links":{"self":[{"href":"https:\/\/www.associationdemarie.org\/blog\/wp-json\/wp\/v2\/posts\/22854","targetHints":{"allow":["GET"]}}],"collection":[{"href":"https:\/\/www.associationdemarie.org\/blog\/wp-json\/wp\/v2\/posts"}],"about":[{"href":"https:\/\/www.associationdemarie.org\/blog\/wp-json\/wp\/v2\/types\/post"}],"author":[{"embeddable":true,"href":"https:\/\/www.associationdemarie.org\/blog\/wp-json\/wp\/v2\/users\/2"}],"replies":[{"embeddable":true,"href":"https:\/\/www.associationdemarie.org\/blog\/wp-json\/wp\/v2\/comments?post=22854"}],"version-history":[{"count":1,"href":"https:\/\/www.associationdemarie.org\/blog\/wp-json\/wp\/v2\/posts\/22854\/revisions"}],"predecessor-version":[{"id":22856,"href":"https:\/\/www.associationdemarie.org\/blog\/wp-json\/wp\/v2\/posts\/22854\/revisions\/22856"}],"wp:attachment":[{"href":"https:\/\/www.associationdemarie.org\/blog\/wp-json\/wp\/v2\/media?parent=22854"}],"wp:term":[{"taxonomy":"category","embeddable":true,"href":"https:\/\/www.associationdemarie.org\/blog\/wp-json\/wp\/v2\/categories?post=22854"},{"taxonomy":"post_tag","embeddable":true,"href":"https:\/\/www.associationdemarie.org\/blog\/wp-json\/wp\/v2\/tags?post=22854"}],"curies":[{"name":"wp","href":"https:\/\/api.w.org\/{rel}","templated":true}]}}