{"id":22851,"date":"2023-04-08T01:56:54","date_gmt":"2023-04-08T00:56:54","guid":{"rendered":"http:\/\/www.associationdemarie.org\/blog\/?p=22851"},"modified":"2023-03-25T07:59:25","modified_gmt":"2023-03-25T06:59:25","slug":"le-samedi-saint-veillee-pascale-4","status":"publish","type":"post","link":"https:\/\/www.associationdemarie.org\/blog\/le-samedi-saint-veillee-pascale-4\/","title":{"rendered":"Le samedi saint (Veill\u00e9e Pascale)"},"content":{"rendered":"<p><img loading=\"lazy\" decoding=\"async\" class=\"aligncenter  wp-image-22852\" src=\"https:\/\/www.associationdemarie.org\/blog\/wp-content\/uploads\/2023\/03\/8-4-pascal.jpg\" alt=\"\" width=\"459\" height=\"153\" srcset=\"https:\/\/www.associationdemarie.org\/blog\/wp-content\/uploads\/2023\/03\/8-4-pascal.jpg 656w, https:\/\/www.associationdemarie.org\/blog\/wp-content\/uploads\/2023\/03\/8-4-pascal-300x100.jpg 300w\" sizes=\"auto, (max-width: 459px) 100vw, 459px\" \/><\/p>\n<p>Toutes les veill\u00e9es que l&rsquo;on c\u00e9l\u00e8bre en l&rsquo;honneur du Seigneur sont agr\u00e9ables \u00e0 Dieu et agr\u00e9\u00e9es de lui, mais cette veille-ci est au-dessus de toutes les autres. C&rsquo;est pourquoi cette nuit porte tout particuli\u00e8rement le titre de \u00ab veill\u00e9e du Seigneur \u00bb. Nous lisons en effet : \u00ab C&rsquo;est la veill\u00e9e du Seigneur, que tous les fils d&rsquo;Isra\u00ebl doivent observer \u00bb (Ex 12,42). Cette nuit porte bien son titre parce que le Seigneur s&rsquo;est \u00e9veill\u00e9 vivant afin que nous ne restions pas endormis dans la mort. En effet, il a souffert pour nous le sommeil de la mort par le myst\u00e8re de sa Passion ; mais ce sommeil du Seigneur est devenu la veill\u00e9e du monde entier, parce que la mort du Christ a chass\u00e9 loin de nous le sommeil de la mort \u00e9ternelle. Il le d\u00e9clare lui-m\u00eame par le proph\u00e8te : \u00ab J&rsquo;ai dormi et je me suis r\u00e9veill\u00e9, et mon sommeil a \u00e9t\u00e9 doux \u00bb (Ps 3,6; Jr 31,26). Ce sommeil du Christ, qui nous a rappel\u00e9s de l&rsquo;amertume de la mort \u00e0 la douceur de la vie, n&rsquo;a pu \u00eatre que doux.<\/p>\n<p>Salomon a \u00e9crit : \u00ab Je dors, mais mon c\u0153ur veille \u00bb (Ct 5,2). Ces paroles manifestent, de toute \u00e9vidence, le myst\u00e8re de la divinit\u00e9 et de la chair du Seigneur. Il a dormi selon la chair, mais sa divinit\u00e9 veillait, car la divinit\u00e9 ne pouvait pas dormir&#8230;: \u00ab Il ne dort ni ne sommeille celui qui garde Isra\u00ebl \u00bb (Ps 120,4)&#8230; Il a dormi selon la chair, mais sa divinit\u00e9 visitait les enfers pour en tirer l&rsquo;homme qui y \u00e9tait retenu captif ; notre Seigneur et Sauveur a voulu visiter tous les lieux pour faire mis\u00e9ricorde \u00e0 tous. Il est descendu du ciel sur la terre pour visiter le monde ; il est descendu encore de la terre aux enfers pour porter la lumi\u00e8re \u00e0 ceux qui y \u00e9taient captifs, selon la parole du proph\u00e8te : \u00ab Vous qui \u00eates assis dans les t\u00e9n\u00e8bres et l&rsquo;ombre de la mort, la lumi\u00e8re s&rsquo;est lev\u00e9e sur vous \u00bb (Is 9,1).<\/p>\n<p>C&rsquo;est pourquoi, les anges dans le ciel, les hommes sur la terre, et les \u00e2mes des fid\u00e8les dans le s\u00e9jour des morts c\u00e9l\u00e8brent cette veill\u00e9e du Seigneur&#8230; Si le repentir d&rsquo;un seul p\u00e9cheur, comme on le lit dans l&rsquo;\u00c9vangile, est cause de joie pour les anges dans le ciel (Lc 15,7.10), combien plus la r\u00e9demption du monde entier ?&#8230; Cette veill\u00e9e, donc, n&rsquo;est pas seulement une f\u00eate pour les hommes et les anges, mais aussi pour le P\u00e8re, le Fils et le Saint Esprit, parce que le salut du monde c&rsquo;est la joie de la Trinit\u00e9.<\/p>\n<h3 class=\"GospelCommentaryAuthor-name commentary-author font-2\">Saint Chromace d&rsquo;Aquil\u00e9e (?-407)<\/h3>\n<p>&nbsp;<\/p>\n<p>&nbsp;<\/p>\n<p>&nbsp;<\/p>\n","protected":false},"excerpt":{"rendered":"<p>Toutes les veill\u00e9es que l&rsquo;on c\u00e9l\u00e8bre en l&rsquo;honneur du Seigneur sont agr\u00e9ables \u00e0 Dieu et agr\u00e9\u00e9es de lui, mais cette veille-ci est au-dessus de toutes les autres. C&rsquo;est pourquoi cette nuit porte tout particuli\u00e8rement le titre de \u00ab veill\u00e9e du Seigneur \u00bb. Nous lisons en effet : \u00ab C&rsquo;est la veill\u00e9e du Seigneur, que tous [&hellip;]<\/p>\n","protected":false},"author":2,"featured_media":0,"comment_status":"closed","ping_status":"closed","sticky":false,"template":"","format":"standard","meta":{"footnotes":""},"categories":[3],"tags":[1646,763,972,1345,1175],"class_list":["post-22851","post","type-post","status-publish","format-standard","hentry","category-liturgique","tag-nuit","tag-paques","tag-semaine-sainte","tag-st-chromace-daquilee","tag-veillez"],"_links":{"self":[{"href":"https:\/\/www.associationdemarie.org\/blog\/wp-json\/wp\/v2\/posts\/22851","targetHints":{"allow":["GET"]}}],"collection":[{"href":"https:\/\/www.associationdemarie.org\/blog\/wp-json\/wp\/v2\/posts"}],"about":[{"href":"https:\/\/www.associationdemarie.org\/blog\/wp-json\/wp\/v2\/types\/post"}],"author":[{"embeddable":true,"href":"https:\/\/www.associationdemarie.org\/blog\/wp-json\/wp\/v2\/users\/2"}],"replies":[{"embeddable":true,"href":"https:\/\/www.associationdemarie.org\/blog\/wp-json\/wp\/v2\/comments?post=22851"}],"version-history":[{"count":1,"href":"https:\/\/www.associationdemarie.org\/blog\/wp-json\/wp\/v2\/posts\/22851\/revisions"}],"predecessor-version":[{"id":22853,"href":"https:\/\/www.associationdemarie.org\/blog\/wp-json\/wp\/v2\/posts\/22851\/revisions\/22853"}],"wp:attachment":[{"href":"https:\/\/www.associationdemarie.org\/blog\/wp-json\/wp\/v2\/media?parent=22851"}],"wp:term":[{"taxonomy":"category","embeddable":true,"href":"https:\/\/www.associationdemarie.org\/blog\/wp-json\/wp\/v2\/categories?post=22851"},{"taxonomy":"post_tag","embeddable":true,"href":"https:\/\/www.associationdemarie.org\/blog\/wp-json\/wp\/v2\/tags?post=22851"}],"curies":[{"name":"wp","href":"https:\/\/api.w.org\/{rel}","templated":true}]}}