{"id":2276,"date":"2011-01-31T02:36:50","date_gmt":"2011-01-31T02:36:50","guid":{"rendered":"http:\/\/preprod.meltem-int.com\/marie\/blog\/?p=2276"},"modified":"2011-01-31T02:36:50","modified_gmt":"2011-01-31T02:36:50","slug":"neuvaine-a-ste-therese","status":"publish","type":"post","link":"https:\/\/www.associationdemarie.org\/blog\/neuvaine-a-ste-therese\/","title":{"rendered":"Neuvaine \u00e0 Ste Th\u00e9r\u00e8se"},"content":{"rendered":"<p>Apr\u00e8s la neuvaine \u00e0 St Joseph, pour Ardouane, nous nous tournons vers la petite Sainte, grande par son Amour et sa tendresse, afin de garder cette demeure en l&rsquo;Esprit de Marie.<\/p>\n<p>Cette pri\u00e8re de la petite Th\u00e9r\u00e8se nous rappelle, en outre, la f\u00eate de Ste V\u00e9ronique le 4 f\u00e9vrier.<\/p>\n<p><iframe loading=\"lazy\" title=\"YouTube video player\" class=\"youtube-player\" type=\"text\/html\" width=\"425\" height=\"349\" src=\"http:\/\/www.youtube.com\/embed\/kRZbUBOALgg?rel=0\" frameborder=\"0\" allowFullScreen><\/iframe><\/p>\n","protected":false},"excerpt":{"rendered":"<p>Apr\u00e8s la neuvaine \u00e0 St Joseph, pour Ardouane, nous nous tournons vers la petite Sainte, grande par son Amour et sa tendresse, afin de garder cette demeure en l&rsquo;Esprit de Marie. Cette pri\u00e8re de la petite Th\u00e9r\u00e8se nous rappelle, en outre, la f\u00eate de Ste V\u00e9ronique le 4 f\u00e9vrier.<\/p>\n","protected":false},"author":2,"featured_media":0,"comment_status":"closed","ping_status":"closed","sticky":false,"template":"","format":"standard","meta":{"footnotes":""},"categories":[2,4,17,27,28],"tags":[99,616,712,830,935,1107],"class_list":["post-2276","post","type-post","status-publish","format-standard","hentry","category-actualites","category-iconographie","category-maison-de-marie-dardouane","category-prieres","category-saints-et-saintes","tag-ardouane","tag-maison-de-marie","tag-neuvaine","tag-priere","tag-sainte-face","tag-ste-therese"],"_links":{"self":[{"href":"https:\/\/www.associationdemarie.org\/blog\/wp-json\/wp\/v2\/posts\/2276","targetHints":{"allow":["GET"]}}],"collection":[{"href":"https:\/\/www.associationdemarie.org\/blog\/wp-json\/wp\/v2\/posts"}],"about":[{"href":"https:\/\/www.associationdemarie.org\/blog\/wp-json\/wp\/v2\/types\/post"}],"author":[{"embeddable":true,"href":"https:\/\/www.associationdemarie.org\/blog\/wp-json\/wp\/v2\/users\/2"}],"replies":[{"embeddable":true,"href":"https:\/\/www.associationdemarie.org\/blog\/wp-json\/wp\/v2\/comments?post=2276"}],"version-history":[{"count":0,"href":"https:\/\/www.associationdemarie.org\/blog\/wp-json\/wp\/v2\/posts\/2276\/revisions"}],"wp:attachment":[{"href":"https:\/\/www.associationdemarie.org\/blog\/wp-json\/wp\/v2\/media?parent=2276"}],"wp:term":[{"taxonomy":"category","embeddable":true,"href":"https:\/\/www.associationdemarie.org\/blog\/wp-json\/wp\/v2\/categories?post=2276"},{"taxonomy":"post_tag","embeddable":true,"href":"https:\/\/www.associationdemarie.org\/blog\/wp-json\/wp\/v2\/tags?post=2276"}],"curies":[{"name":"wp","href":"https:\/\/api.w.org\/{rel}","templated":true}]}}