{"id":22751,"date":"2023-03-09T01:56:06","date_gmt":"2023-03-09T00:56:06","guid":{"rendered":"http:\/\/www.associationdemarie.org\/blog\/?p=22751"},"modified":"2023-02-23T07:57:30","modified_gmt":"2023-02-23T06:57:30","slug":"passer-a-la-vie-eternelle","status":"publish","type":"post","link":"https:\/\/www.associationdemarie.org\/blog\/passer-a-la-vie-eternelle\/","title":{"rendered":"Passer \u00e0 la vie \u00e9ternelle !"},"content":{"rendered":"<p><img loading=\"lazy\" decoding=\"async\" class=\"aligncenter  wp-image-22752\" src=\"https:\/\/www.associationdemarie.org\/blog\/wp-content\/uploads\/2023\/02\/9.3jpg.jpg\" alt=\"\" width=\"457\" height=\"343\" \/><\/p>\n<p>\u00ab Tu l\u2019as fortifi\u00e9 pour un peu de temps, pour le faire passer \u00e0 une vie \u00e9ternelle. \u00bb (Jb 14,20 Vg) Fortifi\u00e9 pour un peu de temps, l\u2019homme l\u2019a \u00e9t\u00e9 puisque pour un temps mesur\u00e9 il a re\u00e7u la force de vivre en ce monde de mani\u00e8re \u00e0 passer dans une vie \u00e9ternelle o\u00f9 aucune borne ne mettra un terme \u00e0 sa vie. Mais dans cette br\u00e8ve dur\u00e9e o\u00f9 il a \u00e9t\u00e9 fortifi\u00e9, il se met en \u00e9tat de trouver dans l\u2019\u00e9ternit\u00e9 ou une joie sans fin ou des supplices qu\u2019il subira sans y \u00e9chapper jamais.<\/p>\n<p>Et c\u2019est bien parce qu\u2019il a \u00e9t\u00e9 fortifi\u00e9 pour un peu de temps que Job ajoute aussit\u00f4t ces justes paroles : \u00ab Tu changeras son visage et tu le cong\u00e9dieras. \u00bb Le visage de l\u2019homme est chang\u00e9 quand sa beaut\u00e9 est d\u00e9truite par la mort. Cong\u00e9di\u00e9, il l\u2019est aussi, parce que des biens qu\u2019il a acquis volontairement il est contraint de passer malgr\u00e9 lui au monde de l\u2019\u00e9ternit\u00e9 ; et quand il y est arriv\u00e9, ces biens dont de si longs tracas l\u2019ont rendu ma\u00eetre, que vont-ils devenir quand il les a laiss\u00e9s ? Il l\u2019ignore.<\/p>\n<p>De l\u00e0 ces paroles encore : \u00ab Ses enfants seront-ils honor\u00e9s ? seront-ils m\u00e9pris\u00e9s ? il ne le discerne pas. \u00bb (Jb 14,21 Vg) Si, en effet, ceux qui sont encore vivants ignorent en quel lieu se trouvent les \u00e2mes des morts, de m\u00eame les morts ne savent pas comment est ordonn\u00e9e la vie dans la chair de ceux qui leur survivent : la vie de l\u2019esprit est aussi fort \u00e9loign\u00e9e de la vie de la chair. Et si corporel et incorporel sont oppos\u00e9s dans leur nature, ils sont \u00e9galement distincts dans leur connaissance. Cette distinction ne vaut pourtant pas pour les \u00e2mes saintes, car, si elles voient en elles-m\u00eames la rayonnante splendeur de Dieu tout-puissant, on ne saurait croire qu\u2019il puisse y avoir hors d\u2019elles une existence qu\u2019elles ignorent.<\/p>\n<h3 class=\"GospelCommentaryAuthor-name commentary-author font-2\">Saint Gr\u00e9goire le Grand (v. 540-604)<\/h3>\n<p>&nbsp;<\/p>\n<p>&nbsp;<\/p>\n<p>&nbsp;<\/p>\n","protected":false},"excerpt":{"rendered":"<p>\u00ab Tu l\u2019as fortifi\u00e9 pour un peu de temps, pour le faire passer \u00e0 une vie \u00e9ternelle. \u00bb (Jb 14,20 Vg) Fortifi\u00e9 pour un peu de temps, l\u2019homme l\u2019a \u00e9t\u00e9 puisque pour un temps mesur\u00e9 il a re\u00e7u la force de vivre en ce monde de mani\u00e8re \u00e0 passer dans une vie \u00e9ternelle o\u00f9 aucune [&hellip;]<\/p>\n","protected":false},"author":2,"featured_media":0,"comment_status":"closed","ping_status":"closed","sticky":false,"template":"","format":"standard","meta":{"footnotes":""},"categories":[13,1261],"tags":[1488,1187],"class_list":["post-22751","post","type-post","status-publish","format-standard","hentry","category-ecritures","category-enseignement-2","tag-st-gregoire-le-grand","tag-vie-eternelle"],"_links":{"self":[{"href":"https:\/\/www.associationdemarie.org\/blog\/wp-json\/wp\/v2\/posts\/22751","targetHints":{"allow":["GET"]}}],"collection":[{"href":"https:\/\/www.associationdemarie.org\/blog\/wp-json\/wp\/v2\/posts"}],"about":[{"href":"https:\/\/www.associationdemarie.org\/blog\/wp-json\/wp\/v2\/types\/post"}],"author":[{"embeddable":true,"href":"https:\/\/www.associationdemarie.org\/blog\/wp-json\/wp\/v2\/users\/2"}],"replies":[{"embeddable":true,"href":"https:\/\/www.associationdemarie.org\/blog\/wp-json\/wp\/v2\/comments?post=22751"}],"version-history":[{"count":1,"href":"https:\/\/www.associationdemarie.org\/blog\/wp-json\/wp\/v2\/posts\/22751\/revisions"}],"predecessor-version":[{"id":22753,"href":"https:\/\/www.associationdemarie.org\/blog\/wp-json\/wp\/v2\/posts\/22751\/revisions\/22753"}],"wp:attachment":[{"href":"https:\/\/www.associationdemarie.org\/blog\/wp-json\/wp\/v2\/media?parent=22751"}],"wp:term":[{"taxonomy":"category","embeddable":true,"href":"https:\/\/www.associationdemarie.org\/blog\/wp-json\/wp\/v2\/categories?post=22751"},{"taxonomy":"post_tag","embeddable":true,"href":"https:\/\/www.associationdemarie.org\/blog\/wp-json\/wp\/v2\/tags?post=22751"}],"curies":[{"name":"wp","href":"https:\/\/api.w.org\/{rel}","templated":true}]}}