{"id":22742,"date":"2023-03-08T01:14:26","date_gmt":"2023-03-08T00:14:26","guid":{"rendered":"http:\/\/www.associationdemarie.org\/blog\/?p=22742"},"modified":"2023-02-22T08:21:41","modified_gmt":"2023-02-22T07:21:41","slug":"quand-jesus-crucifie-change-ma-faiblesse-en-toute-puissance","status":"publish","type":"post","link":"https:\/\/www.associationdemarie.org\/blog\/quand-jesus-crucifie-change-ma-faiblesse-en-toute-puissance\/","title":{"rendered":"Quand J\u00e9sus crucifi\u00e9 change ma faiblesse en toute-puissance !"},"content":{"rendered":"<p><img loading=\"lazy\" decoding=\"async\" class=\"aligncenter  wp-image-22743\" src=\"https:\/\/www.associationdemarie.org\/blog\/wp-content\/uploads\/2023\/02\/Crucifixion-detail-Bartolome-Esteban-Murillo-1617-1682-Metropolitan-Museum-Art-New-York_0.jpg\" alt=\"\" width=\"461\" height=\"307\" srcset=\"https:\/\/www.associationdemarie.org\/blog\/wp-content\/uploads\/2023\/02\/Crucifixion-detail-Bartolome-Esteban-Murillo-1617-1682-Metropolitan-Museum-Art-New-York_0.jpg 1400w, https:\/\/www.associationdemarie.org\/blog\/wp-content\/uploads\/2023\/02\/Crucifixion-detail-Bartolome-Esteban-Murillo-1617-1682-Metropolitan-Museum-Art-New-York_0-300x200.jpg 300w, https:\/\/www.associationdemarie.org\/blog\/wp-content\/uploads\/2023\/02\/Crucifixion-detail-Bartolome-Esteban-Murillo-1617-1682-Metropolitan-Museum-Art-New-York_0-768x512.jpg 768w, https:\/\/www.associationdemarie.org\/blog\/wp-content\/uploads\/2023\/02\/Crucifixion-detail-Bartolome-Esteban-Murillo-1617-1682-Metropolitan-Museum-Art-New-York_0-1024x682.jpg 1024w\" sizes=\"auto, (max-width: 461px) 100vw, 461px\" \/><\/p>\n<p>Quand la douleur s\u2019empare de toute mon \u00e2me<br \/>\nEt l\u2019horizon s\u2019assombrit comme la nuit,<br \/>\nEt le c\u0153ur d\u00e9chir\u00e9 par la g\u00e9henne du supplice,<br \/>\nJ\u00e9sus crucifi\u00e9, Tu es ma force.<\/p>\n<p>Quand l\u2019\u00e2me par la douleur obscurcie,<br \/>\nRedouble ses efforts et lutte sans r\u00e9pit,<br \/>\nEt que le c\u0153ur agonise en un amer tourment,<br \/>\nJ\u00e9sus crucifi\u00e9, Tu es l\u2019esp\u00e9rance de mon salut.<\/p>\n<p>Ainsi les jours passent,<br \/>\nEt l\u2019\u00e2me baigne en une mer d\u2019amertume,<br \/>\nEt le c\u0153ur fond en larmes,<br \/>\nJ\u00e9sus crucifi\u00e9, Tu brilles pour moi comme l\u2019aurore.<\/p>\n<p>Et lorsque le calice d\u00e9borde d\u00e9j\u00e0 d\u2019amertume,<br \/>\nEt que tout contre elle s\u2019est conjur\u00e9,<br \/>\nQue l\u2019\u00e2me descend au Jardin des Oliviers,<br \/>\nJ\u00e9sus crucifi\u00e9, en Toi j\u2019ai ma d\u00e9fense.<\/p>\n<p>Quand l\u2019\u00e2me ressentant son innocence,<br \/>\nAccepte de Dieu ces \u00e9preuves,<br \/>\nAlors le c\u0153ur est capable de rendre amour pour tourment,<br \/>\nJ\u00e9sus crucifi\u00e9 change ma faiblesse en toute-puissance.<\/p>\n<h3 class=\"GospelCommentaryAuthor-name commentary-author font-2\">Sainte Faustine Kowalska (1905-1938)<\/h3>\n<p>&nbsp;<\/p>\n<p>&nbsp;<\/p>\n<p>&nbsp;<\/p>\n","protected":false},"excerpt":{"rendered":"<p>Quand la douleur s\u2019empare de toute mon \u00e2me Et l\u2019horizon s\u2019assombrit comme la nuit, Et le c\u0153ur d\u00e9chir\u00e9 par la g\u00e9henne du supplice, J\u00e9sus crucifi\u00e9, Tu es ma force. Quand l\u2019\u00e2me par la douleur obscurcie, Redouble ses efforts et lutte sans r\u00e9pit, Et que le c\u0153ur agonise en un amer tourment, J\u00e9sus crucifi\u00e9, Tu es [&hellip;]<\/p>\n","protected":false},"author":2,"featured_media":0,"comment_status":"closed","ping_status":"closed","sticky":false,"template":"","format":"standard","meta":{"footnotes":""},"categories":[26,27],"tags":[184,274,830,1094],"class_list":["post-22742","post","type-post","status-publish","format-standard","hentry","category-priere-des-ames","category-prieres","tag-careme","tag-croix","tag-priere","tag-ste-faustine"],"_links":{"self":[{"href":"https:\/\/www.associationdemarie.org\/blog\/wp-json\/wp\/v2\/posts\/22742","targetHints":{"allow":["GET"]}}],"collection":[{"href":"https:\/\/www.associationdemarie.org\/blog\/wp-json\/wp\/v2\/posts"}],"about":[{"href":"https:\/\/www.associationdemarie.org\/blog\/wp-json\/wp\/v2\/types\/post"}],"author":[{"embeddable":true,"href":"https:\/\/www.associationdemarie.org\/blog\/wp-json\/wp\/v2\/users\/2"}],"replies":[{"embeddable":true,"href":"https:\/\/www.associationdemarie.org\/blog\/wp-json\/wp\/v2\/comments?post=22742"}],"version-history":[{"count":1,"href":"https:\/\/www.associationdemarie.org\/blog\/wp-json\/wp\/v2\/posts\/22742\/revisions"}],"predecessor-version":[{"id":22744,"href":"https:\/\/www.associationdemarie.org\/blog\/wp-json\/wp\/v2\/posts\/22742\/revisions\/22744"}],"wp:attachment":[{"href":"https:\/\/www.associationdemarie.org\/blog\/wp-json\/wp\/v2\/media?parent=22742"}],"wp:term":[{"taxonomy":"category","embeddable":true,"href":"https:\/\/www.associationdemarie.org\/blog\/wp-json\/wp\/v2\/categories?post=22742"},{"taxonomy":"post_tag","embeddable":true,"href":"https:\/\/www.associationdemarie.org\/blog\/wp-json\/wp\/v2\/tags?post=22742"}],"curies":[{"name":"wp","href":"https:\/\/api.w.org\/{rel}","templated":true}]}}