{"id":22719,"date":"2023-02-28T01:47:14","date_gmt":"2023-02-28T00:47:14","guid":{"rendered":"http:\/\/www.associationdemarie.org\/blog\/?p=22719"},"modified":"2023-02-14T08:50:06","modified_gmt":"2023-02-14T07:50:06","slug":"votre-pere-sait-de-quoi-vous-avez-besoin","status":"publish","type":"post","link":"https:\/\/www.associationdemarie.org\/blog\/votre-pere-sait-de-quoi-vous-avez-besoin\/","title":{"rendered":"Votre P\u00e8re sait de quoi vous avez besoin"},"content":{"rendered":"<p><img loading=\"lazy\" decoding=\"async\" class=\"aligncenter  wp-image-22720\" src=\"https:\/\/www.associationdemarie.org\/blog\/wp-content\/uploads\/2023\/02\/28-2-notre-Pere-992x1024.png\" alt=\"\" width=\"451\" height=\"465\" srcset=\"https:\/\/www.associationdemarie.org\/blog\/wp-content\/uploads\/2023\/02\/28-2-notre-Pere-992x1024.png 992w, https:\/\/www.associationdemarie.org\/blog\/wp-content\/uploads\/2023\/02\/28-2-notre-Pere-992x1024-291x300.png 291w, https:\/\/www.associationdemarie.org\/blog\/wp-content\/uploads\/2023\/02\/28-2-notre-Pere-992x1024-768x793.png 768w\" sizes=\"auto, (max-width: 451px) 100vw, 451px\" \/><\/p>\n<p>\u00ab Notre P\u00e8re \u00bb. Nous confessons de notre propre bouche que le Dieu et Seigneur de l\u2019univers est notre P\u00e8re ; et c\u2019est bien l\u00e0 faire profession d\u2019avoir \u00e9t\u00e9 appel\u00e9s de la condition servile \u00e0 celle de fils adoptifs.<\/p>\n<p>Nous ajoutons : \u00ab Qui \u00eates aux cieux \u00bb. Le temps de notre vie n\u2019est plus d\u00e8s lors qu\u2019un exil ; et cette terre, une terre \u00e9trang\u00e8re, qui nous s\u00e9pare de notre P\u00e8re. Fuyons-la ; et, de toute l\u2019ardeur de nos d\u00e9sirs, h\u00e2tons-nous vers la r\u00e9gion o\u00f9 nous proclamons que r\u00e9side notre P\u00e8re ! Une fois parvenus \u00e0 cette dignit\u00e9 d\u2019enfants de Dieu, nous br\u00fblerons aussit\u00f4t de la tendresse qui est au c\u0153ur de tous les bons fils ; et, sans plus songer \u00e0 nos int\u00e9r\u00eats, nous n\u2019aurons de passion que pour la gloire de notre P\u00e8re.<\/p>\n<p>Nous lui dirons : \u00ab Que votre nom soit sanctifi\u00e9 \u00bb t\u00e9moignant par l\u00e0 que sa gloire est tout notre d\u00e9sir et toute notre joie, \u00e0 l\u2019imitation de celui qui a dit : \u00ab Celui qui parle de lui-m\u00eame cherche sa propre gloire ; mais celui qui cherche la gloire de Celui qui l\u2019a envoy\u00e9 est v\u00e9ridique, et il n\u2019y a point en lui d\u2019injustice \u00bb (Jn 7,18). (\u2026)<\/p>\n<p>Ces paroles : \u00ab Que votre nom soit sanctifi\u00e9 \u00bb, pourraient tr\u00e8s bien s\u2019entendre aussi en ce sens que Dieu est sanctifi\u00e9 par notre perfection. Et d\u00e8s lors, lui dire : \u00ab Que votre nom soit sanctifi\u00e9 \u00bb, ce serait, en d\u2019autres termes, lui dire : \u00ab P\u00e8re, rendez-nous tels que nous m\u00e9ritions de conna\u00eetre, de comprendre la grandeur de votre saintet\u00e9, ou du moins que cette saintet\u00e9 \u00e9clate en notre vie toute spirituelle ! \u00bb C\u2019est ce qui s\u2019accomplit en nous, lorsque \u00ab les hommes voient nos bonnes \u0153uvres et glorifient notre P\u00e8re qui est aux cieux \u00bb (Mt 5,16).<\/p>\n<h3 class=\"GospelCommentaryAuthor-name commentary-author font-2\">Saint Jean Cassien (v. 360-435)<\/h3>\n<p>&nbsp;<\/p>\n<p>&nbsp;<\/p>\n<p>&nbsp;<\/p>\n","protected":false},"excerpt":{"rendered":"<p>\u00ab Notre P\u00e8re \u00bb. Nous confessons de notre propre bouche que le Dieu et Seigneur de l\u2019univers est notre P\u00e8re ; et c\u2019est bien l\u00e0 faire profession d\u2019avoir \u00e9t\u00e9 appel\u00e9s de la condition servile \u00e0 celle de fils adoptifs. Nous ajoutons : \u00ab Qui \u00eates aux cieux \u00bb. Le temps de notre vie n\u2019est plus [&hellip;]<\/p>\n","protected":false},"author":2,"featured_media":0,"comment_status":"closed","ping_status":"closed","sticky":false,"template":"","format":"standard","meta":{"footnotes":""},"categories":[1261,27],"tags":[297,719,830,1303],"class_list":["post-22719","post","type-post","status-publish","format-standard","hentry","category-enseignement-2","category-prieres","tag-dieu-le-pere","tag-notre-pere","tag-priere","tag-st-jean-cassien"],"_links":{"self":[{"href":"https:\/\/www.associationdemarie.org\/blog\/wp-json\/wp\/v2\/posts\/22719","targetHints":{"allow":["GET"]}}],"collection":[{"href":"https:\/\/www.associationdemarie.org\/blog\/wp-json\/wp\/v2\/posts"}],"about":[{"href":"https:\/\/www.associationdemarie.org\/blog\/wp-json\/wp\/v2\/types\/post"}],"author":[{"embeddable":true,"href":"https:\/\/www.associationdemarie.org\/blog\/wp-json\/wp\/v2\/users\/2"}],"replies":[{"embeddable":true,"href":"https:\/\/www.associationdemarie.org\/blog\/wp-json\/wp\/v2\/comments?post=22719"}],"version-history":[{"count":1,"href":"https:\/\/www.associationdemarie.org\/blog\/wp-json\/wp\/v2\/posts\/22719\/revisions"}],"predecessor-version":[{"id":22721,"href":"https:\/\/www.associationdemarie.org\/blog\/wp-json\/wp\/v2\/posts\/22719\/revisions\/22721"}],"wp:attachment":[{"href":"https:\/\/www.associationdemarie.org\/blog\/wp-json\/wp\/v2\/media?parent=22719"}],"wp:term":[{"taxonomy":"category","embeddable":true,"href":"https:\/\/www.associationdemarie.org\/blog\/wp-json\/wp\/v2\/categories?post=22719"},{"taxonomy":"post_tag","embeddable":true,"href":"https:\/\/www.associationdemarie.org\/blog\/wp-json\/wp\/v2\/tags?post=22719"}],"curies":[{"name":"wp","href":"https:\/\/api.w.org\/{rel}","templated":true}]}}