{"id":22700,"date":"2023-02-23T01:28:38","date_gmt":"2023-02-23T00:28:38","guid":{"rendered":"http:\/\/www.associationdemarie.org\/blog\/?p=22700"},"modified":"2023-02-09T08:30:45","modified_gmt":"2023-02-09T07:30:45","slug":"le-jeudi-apres-les-cendres-3","status":"publish","type":"post","link":"https:\/\/www.associationdemarie.org\/blog\/le-jeudi-apres-les-cendres-3\/","title":{"rendered":"Le jeudi apr\u00e8s les Cendres"},"content":{"rendered":"<p><img loading=\"lazy\" decoding=\"async\" class=\"aligncenter  wp-image-22701\" src=\"https:\/\/www.associationdemarie.org\/blog\/wp-content\/uploads\/2023\/02\/23-2.jpg\" alt=\"\" width=\"440\" height=\"440\" srcset=\"https:\/\/www.associationdemarie.org\/blog\/wp-content\/uploads\/2023\/02\/23-2.jpg 390w, https:\/\/www.associationdemarie.org\/blog\/wp-content\/uploads\/2023\/02\/23-2-150x150.jpg 150w, https:\/\/www.associationdemarie.org\/blog\/wp-content\/uploads\/2023\/02\/23-2-300x300.jpg 300w\" sizes=\"auto, (max-width: 440px) 100vw, 440px\" \/><\/p>\n<p>\u00ab L\u2019arbre garde l\u2019esp\u00e9rance ; on le coupe, il verdira \u00e0 nouveau et ses rameaux pulluleront. \u00bb (Jb 14,7-10 Vg). (\u2026) Dans l\u2019\u00c9criture sainte, le bois symbolise tant\u00f4t la croix, tant\u00f4t l\u2019homme, juste ou m\u00eame injuste, et tant\u00f4t la sagesse incarn\u00e9e de Dieu.<\/p>\n<p>C\u2019est, en effet, la croix que d\u00e9signe le bois quand il est dit : \u00ab Mettons du bois dans son pain. \u00bb (Jr 11,19 Vg) Car mettre du bois dans son pain, c\u2019est attacher le bois de la croix au corps du Seigneur. Le mort arbre \u00e9voque aussi l\u2019homme, juste ou injuste, quand le Seigneur dit par la bouche du Proph\u00e8te : \u00ab C\u2019est moi, le Seigneur, qui ai humili\u00e9 l\u2019arbre \u00e9lev\u00e9 et relev\u00e9 l\u2019arbre humili\u00e9 \u00bb, car ces paroles sont conformes \u00e0 celle de la V\u00e9rit\u00e9 : \u00ab Quiconque s\u2019\u00e9l\u00e8ve sera humili\u00e9 et quiconque s\u2019humilie sera \u00e9lev\u00e9. \u00bb (Lc 14,11) (\u2026) Et l\u2019arbre figure encore la sagesse de Dieu incarn\u00e9e, dont l\u2019\u00c9criture dit : \u00ab Elle est un arbre de vie pour ceux qui l\u2019ont saisie \u00bb (Pr 3,18) et elle le dit elle-m\u00eame : \u00ab Si l\u2019on traite ainsi le bois vert, qu\u2019adviendra-t-il du bois sec ? \u00bb (Lc 23,31) (\u2026)<\/p>\n<p>\u00ab L\u2019arbre garde l\u2019esp\u00e9rance ; si on le coupe, il verdira \u00e0 nouveau \u00bb (Jb 14,7 Vg). Lorsque dans sa passion le juste est frapp\u00e9 de mort pour la v\u00e9rit\u00e9, il recouvre la vie dans la verte fra\u00eecheur de la vie \u00e9ternelle. Et celui qui en ce monde trouvait sa force dans la foi, trouve sa force l\u00e0-haut dans la vision b\u00e9atifique. \u00ab Et ses rameaux pulluleront \u00bb, parce que tr\u00e8s souvent devant la passion du juste les fid\u00e8les se multiplient dans un \u00e9lan d\u2019amour pour la patrie c\u00e9leste et ils connaissent la verte fra\u00eecheur de la vie spirituelle dans leur joie de l\u2019avoir vu \u0153uvrer en ce monde avec une telle force d\u2019\u00e2me pour la gloire de Dieu.<\/p>\n<h3 class=\"GospelCommentaryAuthor-name commentary-author font-2\">Saint Gr\u00e9goire le Grand (v. 540-604)<\/h3>\n<p>&nbsp;<\/p>\n<p>&nbsp;<\/p>\n<p>&nbsp;<\/p>\n","protected":false},"excerpt":{"rendered":"<p>\u00ab L\u2019arbre garde l\u2019esp\u00e9rance ; on le coupe, il verdira \u00e0 nouveau et ses rameaux pulluleront. \u00bb (Jb 14,7-10 Vg). (\u2026) Dans l\u2019\u00c9criture sainte, le bois symbolise tant\u00f4t la croix, tant\u00f4t l\u2019homme, juste ou m\u00eame injuste, et tant\u00f4t la sagesse incarn\u00e9e de Dieu. C\u2019est, en effet, la croix que d\u00e9signe le bois quand il est [&hellip;]<\/p>\n","protected":false},"author":2,"featured_media":0,"comment_status":"closed","ping_status":"closed","sticky":false,"template":"","format":"standard","meta":{"footnotes":""},"categories":[16],"tags":[88,184,777,1488],"class_list":["post-22700","post","type-post","status-publish","format-standard","hentry","category-jardins-de-la-bible","tag-arbre","tag-careme","tag-passion","tag-st-gregoire-le-grand"],"_links":{"self":[{"href":"https:\/\/www.associationdemarie.org\/blog\/wp-json\/wp\/v2\/posts\/22700","targetHints":{"allow":["GET"]}}],"collection":[{"href":"https:\/\/www.associationdemarie.org\/blog\/wp-json\/wp\/v2\/posts"}],"about":[{"href":"https:\/\/www.associationdemarie.org\/blog\/wp-json\/wp\/v2\/types\/post"}],"author":[{"embeddable":true,"href":"https:\/\/www.associationdemarie.org\/blog\/wp-json\/wp\/v2\/users\/2"}],"replies":[{"embeddable":true,"href":"https:\/\/www.associationdemarie.org\/blog\/wp-json\/wp\/v2\/comments?post=22700"}],"version-history":[{"count":1,"href":"https:\/\/www.associationdemarie.org\/blog\/wp-json\/wp\/v2\/posts\/22700\/revisions"}],"predecessor-version":[{"id":22702,"href":"https:\/\/www.associationdemarie.org\/blog\/wp-json\/wp\/v2\/posts\/22700\/revisions\/22702"}],"wp:attachment":[{"href":"https:\/\/www.associationdemarie.org\/blog\/wp-json\/wp\/v2\/media?parent=22700"}],"wp:term":[{"taxonomy":"category","embeddable":true,"href":"https:\/\/www.associationdemarie.org\/blog\/wp-json\/wp\/v2\/categories?post=22700"},{"taxonomy":"post_tag","embeddable":true,"href":"https:\/\/www.associationdemarie.org\/blog\/wp-json\/wp\/v2\/tags?post=22700"}],"curies":[{"name":"wp","href":"https:\/\/api.w.org\/{rel}","templated":true}]}}