{"id":22691,"date":"2023-02-20T01:41:13","date_gmt":"2023-02-20T00:41:13","guid":{"rendered":"http:\/\/www.associationdemarie.org\/blog\/?p=22691"},"modified":"2023-02-06T08:43:06","modified_gmt":"2023-02-06T07:43:06","slug":"je-crois-viens-au-secours-de-mon-manque-de-foi-mc-924","status":"publish","type":"post","link":"https:\/\/www.associationdemarie.org\/blog\/je-crois-viens-au-secours-de-mon-manque-de-foi-mc-924\/","title":{"rendered":"\u00ab Je crois ! Viens au secours de mon manque de foi ! \u00bb (Mc 9,24)"},"content":{"rendered":"<p><img loading=\"lazy\" decoding=\"async\" class=\"aligncenter  wp-image-22692\" src=\"https:\/\/www.associationdemarie.org\/blog\/wp-content\/uploads\/2023\/02\/20-2-marc9_14-29.jpg\" alt=\"\" width=\"420\" height=\"317\" srcset=\"https:\/\/www.associationdemarie.org\/blog\/wp-content\/uploads\/2023\/02\/20-2-marc9_14-29.jpg 309w, https:\/\/www.associationdemarie.org\/blog\/wp-content\/uploads\/2023\/02\/20-2-marc9_14-29-300x226.jpg 300w\" sizes=\"auto, (max-width: 420px) 100vw, 420px\" \/><\/p>\n<p>Pour croire, l\u2019action de la gr\u00e2ce sur l\u2019esprit et la volont\u00e9 est n\u00e9cessaire. Lisez l\u2019\u00c9vangile. Les contemporains de J\u00e9sus ont pu le toucher, l\u2019entendre ; leurs sens le saisissaient ; la raison montrait qu\u2019il \u00e9tait un homme \u00e9minent, de grande vertu. Mais, pour p\u00e9n\u00e9trer jusqu\u2019au saint des saints de l\u2019\u00eatre divin et croire qu\u2019il \u00e9tait le vrai Fils de Dieu, il fallait, outre les miracles et les proph\u00e9ties, un don de la gr\u00e2ce. J\u00e9sus l\u2019a proclam\u00e9 : \u00ab Ce n\u2019est ni la chair ni le sang qui te l\u2019ont r\u00e9v\u00e9l\u00e9, mais c\u2019est mon P\u00e8re \u00bb (Mt 16, 17). Et ailleurs, il dit : \u00ab Personne ne peut venir \u00e0 moi, si le P\u00e8re qui m\u2019a envoy\u00e9 ne l\u2019attire \u00bb (Jn 6,44).<\/p>\n<p>La foi nous vient d\u2019en-haut. L\u2019incroyant doit implorer humblement la gr\u00e2ce de sa venue, et nous, en possession de ce don de Dieu, demander sa croissance : \u00ab Je crois ! Viens au secours de mon manque de foi ! \u00bb (Mc 9,24). Les tentations contre la foi sont toujours possibles, mais elles deviennent un stimulant de notre pri\u00e8re ; par l\u00e0 elles rendent notre foi plus vivace et nous font mieux appr\u00e9cier son caract\u00e8re surnaturel et gratuit. (\u2026) Apprenons \u00e0 utiliser ces h\u00e9sitations ; adh\u00e9rons avec plus de conscience et de fermet\u00e9 au Christ et \u00e0 son message.<\/p>\n<h3 class=\"GospelCommentaryAuthor-name commentary-author font-2\">Bienheureux Columba Marmion (1858-1923)<\/h3>\n<p>&nbsp;<\/p>\n<p>&nbsp;<\/p>\n<p>&nbsp;<\/p>\n","protected":false},"excerpt":{"rendered":"<p>Pour croire, l\u2019action de la gr\u00e2ce sur l\u2019esprit et la volont\u00e9 est n\u00e9cessaire. Lisez l\u2019\u00c9vangile. Les contemporains de J\u00e9sus ont pu le toucher, l\u2019entendre ; leurs sens le saisissaient ; la raison montrait qu\u2019il \u00e9tait un homme \u00e9minent, de grande vertu. Mais, pour p\u00e9n\u00e9trer jusqu\u2019au saint des saints de l\u2019\u00eatre divin et croire qu\u2019il \u00e9tait [&hellip;]<\/p>\n","protected":false},"author":2,"featured_media":0,"comment_status":"closed","ping_status":"closed","sticky":false,"template":"","format":"standard","meta":{"footnotes":""},"categories":[13,1261],"tags":[1464,425,830],"class_list":["post-22691","post","type-post","status-publish","format-standard","hentry","category-ecritures","category-enseignement-2","tag-bienheureux-columba-marmion","tag-foi","tag-priere"],"_links":{"self":[{"href":"https:\/\/www.associationdemarie.org\/blog\/wp-json\/wp\/v2\/posts\/22691","targetHints":{"allow":["GET"]}}],"collection":[{"href":"https:\/\/www.associationdemarie.org\/blog\/wp-json\/wp\/v2\/posts"}],"about":[{"href":"https:\/\/www.associationdemarie.org\/blog\/wp-json\/wp\/v2\/types\/post"}],"author":[{"embeddable":true,"href":"https:\/\/www.associationdemarie.org\/blog\/wp-json\/wp\/v2\/users\/2"}],"replies":[{"embeddable":true,"href":"https:\/\/www.associationdemarie.org\/blog\/wp-json\/wp\/v2\/comments?post=22691"}],"version-history":[{"count":1,"href":"https:\/\/www.associationdemarie.org\/blog\/wp-json\/wp\/v2\/posts\/22691\/revisions"}],"predecessor-version":[{"id":22693,"href":"https:\/\/www.associationdemarie.org\/blog\/wp-json\/wp\/v2\/posts\/22691\/revisions\/22693"}],"wp:attachment":[{"href":"https:\/\/www.associationdemarie.org\/blog\/wp-json\/wp\/v2\/media?parent=22691"}],"wp:term":[{"taxonomy":"category","embeddable":true,"href":"https:\/\/www.associationdemarie.org\/blog\/wp-json\/wp\/v2\/categories?post=22691"},{"taxonomy":"post_tag","embeddable":true,"href":"https:\/\/www.associationdemarie.org\/blog\/wp-json\/wp\/v2\/tags?post=22691"}],"curies":[{"name":"wp","href":"https:\/\/api.w.org\/{rel}","templated":true}]}}