{"id":22679,"date":"2023-02-16T01:34:35","date_gmt":"2023-02-16T00:34:35","guid":{"rendered":"http:\/\/www.associationdemarie.org\/blog\/?p=22679"},"modified":"2023-02-02T08:36:45","modified_gmt":"2023-02-02T07:36:45","slug":"pour-la-premiere-fois-il-leur-enseigna-quil-fallait-que-le-fils-de-lhomme-souffre","status":"publish","type":"post","link":"https:\/\/www.associationdemarie.org\/blog\/pour-la-premiere-fois-il-leur-enseigna-quil-fallait-que-le-fils-de-lhomme-souffre\/","title":{"rendered":"\u00ab Pour la premi\u00e8re fois il leur enseigna qu&rsquo;il fallait que le Fils de l&rsquo;homme souffre. \u00bb"},"content":{"rendered":"<p><img loading=\"lazy\" decoding=\"async\" class=\"aligncenter  wp-image-22680\" src=\"https:\/\/www.associationdemarie.org\/blog\/wp-content\/uploads\/2023\/02\/16-2-retable-dIssenheim.jpg\" alt=\"\" width=\"465\" height=\"349\" srcset=\"https:\/\/www.associationdemarie.org\/blog\/wp-content\/uploads\/2023\/02\/16-2-retable-dIssenheim.jpg 600w, https:\/\/www.associationdemarie.org\/blog\/wp-content\/uploads\/2023\/02\/16-2-retable-dIssenheim-300x225.jpg 300w\" sizes=\"auto, (max-width: 465px) 100vw, 465px\" \/><\/p>\n<p>Ma voix, chante la victoire<br \/>\nDont le troph\u00e9e est la croix ;<br \/>\nDis le triomphe et la gloire<br \/>\nQui rayonnent de ce bois ;<br \/>\nRaconte la noble histoire<br \/>\nDe l&rsquo;Agneau vainqueur et roi.<\/p>\n<p>Dieu, d\u00e8s qu&rsquo;il eut cr\u00e9\u00e9 l&rsquo;homme,<br \/>\nPleura la faute d&rsquo;Adam ;<br \/>\nMais si l&rsquo;arbre a fait la pomme<br \/>\nQui tua nos deux parents,<br \/>\nL&rsquo;arbre portera le baume<br \/>\nQui gu\u00e9rira nos tourments.<\/p>\n<p>Pour sauver toute justice,<br \/>\nIl fallait au Cr\u00e9ateur<br \/>\nQue le perfide artifice<br \/>\nPrenne au pi\u00e8ge le menteur,<br \/>\nEt que la s\u00e8ve du vice<br \/>\nDevienne source de bonheur.<\/p>\n<p>Au temps voulu par le P\u00e8re,<br \/>\nQuittant le ch\u00e2teau du ciel,<br \/>\nLe Fils, qui cr\u00e9a la terre,<br \/>\nVient dans un sein maternel,<br \/>\nAbri d&rsquo;un chaste myst\u00e8re,<br \/>\nEt rev\u00eat son corps mortel.<\/p>\n<p>Couch\u00e9 dans la cr\u00e8che aust\u00e8re,<br \/>\nIl est fr\u00eale et vagissant.<br \/>\nDe langes la Vierge M\u00e8re<br \/>\nHabille le Dieu naissant ;<br \/>\nDans les bandeaux elle enserre<br \/>\nLes mains, les pieds de l&rsquo;Enfant.<\/p>\n<p>Qu&rsquo;une louange \u00e9ternelle<br \/>\nMonte vers la Trinit\u00e9 ;<br \/>\nHonneur et gloire immortelle<br \/>\nAux Trois dans leur Unit\u00e9 ;<br \/>\nQue la terre universelle<br \/>\nC\u00e9l\u00e8bre leur royaut\u00e9. Amen.<\/p>\n<h3 class=\"GospelCommentaryAuthor-name commentary-author font-2\">Liturgie latine<\/h3>\n<p>&nbsp;<\/p>\n<p>&nbsp;<\/p>\n<p>&nbsp;<\/p>\n","protected":false},"excerpt":{"rendered":"<p>Ma voix, chante la victoire Dont le troph\u00e9e est la croix ; Dis le triomphe et la gloire Qui rayonnent de ce bois ; Raconte la noble histoire De l&rsquo;Agneau vainqueur et roi. Dieu, d\u00e8s qu&rsquo;il eut cr\u00e9\u00e9 l&rsquo;homme, Pleura la faute d&rsquo;Adam ; Mais si l&rsquo;arbre a fait la pomme Qui tua nos deux [&hellip;]<\/p>\n","protected":false},"author":2,"featured_media":0,"comment_status":"closed","ping_status":"closed","sticky":false,"template":"","format":"standard","meta":{"footnotes":""},"categories":[3,27],"tags":[1644,777],"class_list":["post-22679","post","type-post","status-publish","format-standard","hentry","category-liturgique","category-prieres","tag-liturgie-latine","tag-passion"],"_links":{"self":[{"href":"https:\/\/www.associationdemarie.org\/blog\/wp-json\/wp\/v2\/posts\/22679","targetHints":{"allow":["GET"]}}],"collection":[{"href":"https:\/\/www.associationdemarie.org\/blog\/wp-json\/wp\/v2\/posts"}],"about":[{"href":"https:\/\/www.associationdemarie.org\/blog\/wp-json\/wp\/v2\/types\/post"}],"author":[{"embeddable":true,"href":"https:\/\/www.associationdemarie.org\/blog\/wp-json\/wp\/v2\/users\/2"}],"replies":[{"embeddable":true,"href":"https:\/\/www.associationdemarie.org\/blog\/wp-json\/wp\/v2\/comments?post=22679"}],"version-history":[{"count":1,"href":"https:\/\/www.associationdemarie.org\/blog\/wp-json\/wp\/v2\/posts\/22679\/revisions"}],"predecessor-version":[{"id":22681,"href":"https:\/\/www.associationdemarie.org\/blog\/wp-json\/wp\/v2\/posts\/22679\/revisions\/22681"}],"wp:attachment":[{"href":"https:\/\/www.associationdemarie.org\/blog\/wp-json\/wp\/v2\/media?parent=22679"}],"wp:term":[{"taxonomy":"category","embeddable":true,"href":"https:\/\/www.associationdemarie.org\/blog\/wp-json\/wp\/v2\/categories?post=22679"},{"taxonomy":"post_tag","embeddable":true,"href":"https:\/\/www.associationdemarie.org\/blog\/wp-json\/wp\/v2\/tags?post=22679"}],"curies":[{"name":"wp","href":"https:\/\/api.w.org\/{rel}","templated":true}]}}