{"id":22675,"date":"2023-02-15T01:57:47","date_gmt":"2023-02-15T00:57:47","guid":{"rendered":"http:\/\/www.associationdemarie.org\/blog\/?p=22675"},"modified":"2023-02-01T07:59:30","modified_gmt":"2023-02-01T06:59:30","slug":"alors-tu-verras-tu-seras-radieuse-is-605","status":"publish","type":"post","link":"https:\/\/www.associationdemarie.org\/blog\/alors-tu-verras-tu-seras-radieuse-is-605\/","title":{"rendered":"\u00ab Alors tu verras, tu seras radieuse. \u00bb (Is 60,5)"},"content":{"rendered":"<p><img loading=\"lazy\" decoding=\"async\" class=\"aligncenter  wp-image-22676\" src=\"https:\/\/www.associationdemarie.org\/blog\/wp-content\/uploads\/2023\/02\/15-2.jpg\" alt=\"\" width=\"472\" height=\"206\" srcset=\"https:\/\/www.associationdemarie.org\/blog\/wp-content\/uploads\/2023\/02\/15-2.jpg 2087w, https:\/\/www.associationdemarie.org\/blog\/wp-content\/uploads\/2023\/02\/15-2-300x131.jpg 300w, https:\/\/www.associationdemarie.org\/blog\/wp-content\/uploads\/2023\/02\/15-2-768x335.jpg 768w, https:\/\/www.associationdemarie.org\/blog\/wp-content\/uploads\/2023\/02\/15-2-1024x447.jpg 1024w\" sizes=\"auto, (max-width: 472px) 100vw, 472px\" \/><\/p>\n<p>Quelle sera ma joie, mon Dieu, quelle sera mon all\u00e9gresse, quelle sera ma jubilation, lorsque tu me d\u00e9voileras la beaut\u00e9 de ta divinit\u00e9 et que mon \u00e2me te verra face \u00e0 face ? (&#8230;) Alors, toi mon \u00e2me, \u00ab tu verras et tu seras dans l&rsquo;abondance, ton c\u0153ur sera dans l&rsquo;\u00e9merveillement et se dilatera, lorsque tu recevras la multitude des richesses \u00bb, des d\u00e9lices, et la magnificence de la gloire \u00ab de cette mer \u00bb immense de la Trinit\u00e9 digne \u00e0 jamais d&rsquo;adoration ; lorsque \u00ab viendra \u00e0 toi la puissance des nations \u00bb que \u00ab le Roi des rois et le Seigneur des seigneurs \u00bb (Is 60,5; 1Tm 6,15), par la force de son bras, a repris pour lui de la main de l&rsquo;ennemi ; lorsque l&rsquo;inondation de la mis\u00e9ricorde et de la charit\u00e9 divine te couvrira. (&#8230;)<\/p>\n<p>Alors la coupe de la vision te sera pr\u00e9sent\u00e9e et tu t&rsquo;enivreras (Ps 22,5 Vulg) \u2014 c&rsquo;est la coupe enivrante et sublime de la gloire du visage divin. Tu boiras \u00ab au torrent des d\u00e9lices \u00bb (Ps 35,9) de Dieu quand la source m\u00eame de la lumi\u00e8re te comblera \u00e9ternellement de sa pl\u00e9nitude. Alors tu verras les cieux tout remplis de la gloire du Dieu qui les habite, et cet Astre virginal qui, apr\u00e8s Dieu, illumine tout le ciel de sa tr\u00e8s pure lumi\u00e8re [Marie], et les \u0153uvres admirables des doigts de Dieu [les saints: Gn 2,7] et \u00ab ces \u00e9toiles du matin \u00bb qui toujours se tiennent devant la face de Dieu avec tant de joie et qui le servent [les anges : Jb 38,7; Tb 12,15].<\/p>\n<p>Dieu de mon c\u0153ur et mon h\u00e9ritage de choix (Ps 72,26), h\u00e9las, combien de temps encore mon \u00e2me sera-t-elle frustr\u00e9e de la pr\u00e9sence de ton tr\u00e8s doux visage ? (&#8230;) De gr\u00e2ce, fais-moi vite parvenir \u00e0 toi, Dieu \u00ab source de vie \u00bb (Ps 36,10), afin qu&rsquo;en toi je puise la vie \u00e9ternelle pour toujours. Bien vite \u00ab fais luire sur moi ta face \u00bb (Ps 30,17) afin que dans la joie je te voie face \u00e0 face. Vite, oh, vite, montre-toi toi-m\u00eame \u00e0 moi, afin que je me r\u00e9jouisse de toi, dans le bonheur, \u00e9ternellement.<\/p>\n<h3 class=\"GospelCommentaryAuthor-name commentary-author font-2\">Sainte Gertrude d&rsquo;Helfta (1256-1301)<\/h3>\n<p>&nbsp;<\/p>\n<p>&nbsp;<\/p>\n<p>&nbsp;<\/p>\n","protected":false},"excerpt":{"rendered":"<p>Quelle sera ma joie, mon Dieu, quelle sera mon all\u00e9gresse, quelle sera ma jubilation, lorsque tu me d\u00e9voileras la beaut\u00e9 de ta divinit\u00e9 et que mon \u00e2me te verra face \u00e0 face ? (&#8230;) Alors, toi mon \u00e2me, \u00ab tu verras et tu seras dans l&rsquo;abondance, ton c\u0153ur sera dans l&rsquo;\u00e9merveillement et se dilatera, lorsque [&hellip;]<\/p>\n","protected":false},"author":2,"featured_media":0,"comment_status":"closed","ping_status":"closed","sticky":false,"template":"","format":"standard","meta":{"footnotes":""},"categories":[13,1261],"tags":[1524],"class_list":["post-22675","post","type-post","status-publish","format-standard","hentry","category-ecritures","category-enseignement-2","tag-ste-gertrude-dhelfta"],"_links":{"self":[{"href":"https:\/\/www.associationdemarie.org\/blog\/wp-json\/wp\/v2\/posts\/22675","targetHints":{"allow":["GET"]}}],"collection":[{"href":"https:\/\/www.associationdemarie.org\/blog\/wp-json\/wp\/v2\/posts"}],"about":[{"href":"https:\/\/www.associationdemarie.org\/blog\/wp-json\/wp\/v2\/types\/post"}],"author":[{"embeddable":true,"href":"https:\/\/www.associationdemarie.org\/blog\/wp-json\/wp\/v2\/users\/2"}],"replies":[{"embeddable":true,"href":"https:\/\/www.associationdemarie.org\/blog\/wp-json\/wp\/v2\/comments?post=22675"}],"version-history":[{"count":2,"href":"https:\/\/www.associationdemarie.org\/blog\/wp-json\/wp\/v2\/posts\/22675\/revisions"}],"predecessor-version":[{"id":22678,"href":"https:\/\/www.associationdemarie.org\/blog\/wp-json\/wp\/v2\/posts\/22675\/revisions\/22678"}],"wp:attachment":[{"href":"https:\/\/www.associationdemarie.org\/blog\/wp-json\/wp\/v2\/media?parent=22675"}],"wp:term":[{"taxonomy":"category","embeddable":true,"href":"https:\/\/www.associationdemarie.org\/blog\/wp-json\/wp\/v2\/categories?post=22675"},{"taxonomy":"post_tag","embeddable":true,"href":"https:\/\/www.associationdemarie.org\/blog\/wp-json\/wp\/v2\/tags?post=22675"}],"curies":[{"name":"wp","href":"https:\/\/api.w.org\/{rel}","templated":true}]}}