{"id":22669,"date":"2023-02-13T01:44:44","date_gmt":"2023-02-13T00:44:44","guid":{"rendered":"http:\/\/www.associationdemarie.org\/blog\/?p=22669"},"modified":"2023-01-30T08:46:28","modified_gmt":"2023-01-30T07:46:28","slug":"en-constatant-son-humanite-il-dedaignait-de-croire-le-createur","status":"publish","type":"post","link":"https:\/\/www.associationdemarie.org\/blog\/en-constatant-son-humanite-il-dedaignait-de-croire-le-createur\/","title":{"rendered":"En constatant son humanit\u00e9, il d\u00e9daignait de croire le Cr\u00e9ateur !"},"content":{"rendered":"<p><img loading=\"lazy\" decoding=\"async\" class=\"aligncenter  wp-image-22670\" src=\"https:\/\/www.associationdemarie.org\/blog\/wp-content\/uploads\/2023\/01\/13-2.jpeg\" alt=\"\" width=\"448\" height=\"252\" \/><\/p>\n<p>\u00ab Les fous aussi me m\u00e9prisaient. \u00bb (Jb 19,18 Vg) Les sages tombaient en perdant la foi en la v\u00e9rit\u00e9, mais on est en droit de le dire aussi des fous, puisque, Pharisiens et Docteurs de la Loi m\u00e9prisant le Seigneur, la foule du peuple aussi a suivi leur incr\u00e9dulit\u00e9 : c\u2019est l\u2019homme qu\u2019elle a vu en lui, et elle a m\u00e9pris\u00e9 les le\u00e7ons du R\u00e9dempteur du monde.<\/p>\n<p>Souvent, en effet, le terme de fous d\u00e9signe dans le peuple, les pauvres. (\u2026) Or, laissant les sages et les riches de ce monde, notre R\u00e9dempteur \u00e9tait venu chercher les pauvres et les fous. Aussi dit-il maintenant, comme pour accro\u00eetre sa douleur : \u00ab Les fous aussi me m\u00e9prisaient. \u00bb C\u2019est-\u00e0-dire : j\u2019ai \u00e9t\u00e9 m\u00e9pris\u00e9 par ceux-l\u00e0 m\u00eames que j\u2019ai voulu gu\u00e9rir en assumant la folie de ma pr\u00e9dication. L\u2019\u00c9criture dit, en effet : \u00ab Puisque le monde avec sa sagesse n\u2019a pas reconnu Dieu dans la sagesse de Dieu, c\u2019est par la folie de sa pr\u00e9dication qu\u2019il a plu \u00e0 Dieu de sauver les croyants. \u00bb (1Co 1,21) Le Verbe, en effet, c\u2019est la sagesse de Dieu, et ce qu\u2019on appel\u00e9 folie de cette sagesse, c\u2019est la chair du Verbe : devant l\u2019impuissance des hommes charnels \u00e0 atteindre par la prudence de leur chair la sagesse de Dieu, c\u2019est, par la folie de sa pr\u00e9dication, c\u2019est-\u00e0-dire par la chair du Verbe, qu\u2019il a voulu les gu\u00e9rir. Il d\u00e9clare donc : \u00ab Les fous aussi me m\u00e9prisaient. \u00bb<\/p>\n<p>C\u2019\u00e9tait dire ouvertement : Je suis m\u00e9pris\u00e9 par ceux-l\u00e0 m\u00eames que j\u2019ai voulu sauver sans craindre de passer pour un fou. Or le peuple des Juifs, en observant les miracles de notre R\u00e9dempteur, devant ces signes l\u2019honoraient en disant : \u00ab Voici le Christ \u00bb, mais, en constatant la faiblesse de son humanit\u00e9, il d\u00e9daignait de le croire son cr\u00e9ateur en disant : \u00ab Non, mais il s\u00e9duit les foules \u00bb (Jn 7,12) ; aussi peut-il ajouter : \u00ab Et quand je m\u2019\u00e9tais \u00e9loign\u00e9 d\u2019eux, ils me d\u00e9criaient. \u00bb (Jb 19,18 Vg)<\/p>\n<h3 class=\"GospelCommentaryAuthor-name commentary-author font-2\">Saint Gr\u00e9goire le Grand (v. 540-604)<\/h3>\n","protected":false},"excerpt":{"rendered":"<p>\u00ab Les fous aussi me m\u00e9prisaient. \u00bb (Jb 19,18 Vg) Les sages tombaient en perdant la foi en la v\u00e9rit\u00e9, mais on est en droit de le dire aussi des fous, puisque, Pharisiens et Docteurs de la Loi m\u00e9prisant le Seigneur, la foule du peuple aussi a suivi leur incr\u00e9dulit\u00e9 : c\u2019est l\u2019homme qu\u2019elle a [&hellip;]<\/p>\n","protected":false},"author":2,"featured_media":0,"comment_status":"closed","ping_status":"closed","sticky":false,"template":"","format":"standard","meta":{"footnotes":""},"categories":[13,1261,16],"tags":[268,269],"class_list":["post-22669","post","type-post","status-publish","format-standard","hentry","category-ecritures","category-enseignement-2","category-jardins-de-la-bible","tag-createur","tag-creation"],"_links":{"self":[{"href":"https:\/\/www.associationdemarie.org\/blog\/wp-json\/wp\/v2\/posts\/22669","targetHints":{"allow":["GET"]}}],"collection":[{"href":"https:\/\/www.associationdemarie.org\/blog\/wp-json\/wp\/v2\/posts"}],"about":[{"href":"https:\/\/www.associationdemarie.org\/blog\/wp-json\/wp\/v2\/types\/post"}],"author":[{"embeddable":true,"href":"https:\/\/www.associationdemarie.org\/blog\/wp-json\/wp\/v2\/users\/2"}],"replies":[{"embeddable":true,"href":"https:\/\/www.associationdemarie.org\/blog\/wp-json\/wp\/v2\/comments?post=22669"}],"version-history":[{"count":1,"href":"https:\/\/www.associationdemarie.org\/blog\/wp-json\/wp\/v2\/posts\/22669\/revisions"}],"predecessor-version":[{"id":22671,"href":"https:\/\/www.associationdemarie.org\/blog\/wp-json\/wp\/v2\/posts\/22669\/revisions\/22671"}],"wp:attachment":[{"href":"https:\/\/www.associationdemarie.org\/blog\/wp-json\/wp\/v2\/media?parent=22669"}],"wp:term":[{"taxonomy":"category","embeddable":true,"href":"https:\/\/www.associationdemarie.org\/blog\/wp-json\/wp\/v2\/categories?post=22669"},{"taxonomy":"post_tag","embeddable":true,"href":"https:\/\/www.associationdemarie.org\/blog\/wp-json\/wp\/v2\/tags?post=22669"}],"curies":[{"name":"wp","href":"https:\/\/api.w.org\/{rel}","templated":true}]}}