{"id":22666,"date":"2023-02-12T01:23:55","date_gmt":"2023-02-12T00:23:55","guid":{"rendered":"http:\/\/www.associationdemarie.org\/blog\/?p=22666"},"modified":"2023-01-29T09:25:25","modified_gmt":"2023-01-29T08:25:25","slug":"la-loi-enracinee-dans-nos-coeurs","status":"publish","type":"post","link":"https:\/\/www.associationdemarie.org\/blog\/la-loi-enracinee-dans-nos-coeurs\/","title":{"rendered":"La Loi enracin\u00e9e dans nos c\u0153urs"},"content":{"rendered":"<p><img loading=\"lazy\" decoding=\"async\" class=\"aligncenter  wp-image-22667\" src=\"https:\/\/www.associationdemarie.org\/blog\/wp-content\/uploads\/2023\/01\/12-2.jpg\" alt=\"\" width=\"429\" height=\"268\" srcset=\"https:\/\/www.associationdemarie.org\/blog\/wp-content\/uploads\/2023\/01\/12-2.jpg 512w, https:\/\/www.associationdemarie.org\/blog\/wp-content\/uploads\/2023\/01\/12-2-300x188.jpg 300w\" sizes=\"auto, (max-width: 429px) 100vw, 429px\" \/><\/p>\n<p>Il y a des pr\u00e9ceptes naturels de la Loi qui donnent d\u00e9j\u00e0 la justice ; m\u00eame avant le don de la Loi \u00e0 Mo\u00efse des hommes observaient ces pr\u00e9ceptes, et ils \u00e9taient justifi\u00e9s par leur foi et plaisaient \u00e0 Dieu. Ces pr\u00e9ceptes-l\u00e0, le Seigneur ne les a pas abolis, mais \u00e9tendus et accomplis. C&rsquo;est ce que prouvent ces paroles : \u00ab Il a \u00e9t\u00e9 dit aux anciens : Tu ne commettras pas d&rsquo;adult\u00e8re. Mais moi, je vous dis : Quiconque regarde une femme pour la convoiter a d\u00e9j\u00e0 commis l&rsquo;adult\u00e8re avec elle dans son c\u0153ur. \u00bb Et encore : \u00ab Il a \u00e9t\u00e9 dit : Tu ne tueras pas. Mais moi, je vous dis : Quiconque se met en col\u00e8re contre son fr\u00e8re sans motif en r\u00e9pondra au tribunal \u00bb (Mt 5,21s). (&#8230;) Et ainsi de suite. Tous ces pr\u00e9ceptes n&rsquo;impliquent ni la contradiction ni l&rsquo;abolition des pr\u00e9c\u00e9dents, mais leur accomplissement et leur extension. Comme le Seigneur le dit lui-m\u00eame : \u00ab Si votre justice ne d\u00e9passe celle des scribes et des pharisiens, vous n&rsquo;entrerez pas dans le Royaume des cieux \u00bb (Mt 5,20).<\/p>\n<p>En quoi consistait-il, ce d\u00e9passement ? D&rsquo;abord, \u00e0 croire non plus seulement au P\u00e8re, mais aussi \u00e0 son Fils dor\u00e9navant manifest\u00e9, car c&rsquo;est lui qui m\u00e8ne l&rsquo;homme \u00e0 la communion et \u00e0 l&rsquo;union avec Dieu. Ensuite, \u00e0 ne pas dire seulement, mais \u00e0 faire \u2014 car \u00ab ils disaient et ne faisaient pas \u00bb (Mt 23,3) \u2014 et \u00e0 se garder non seulement des actes mauvais, mais m\u00eame de leur d\u00e9sir. En enseignant cela, il ne contredisait pas la Loi, mais il accomplissait la Loi et enracinait en nous les prescriptions de la Loi. (&#8230;) Prescrire de s&rsquo;abstenir non seulement des actes d\u00e9fendus par la Loi, mais m\u00eame de leur d\u00e9sir, n&rsquo;est pas le fait de quelqu&rsquo;un qui contredit et abolit la Loi ; c&rsquo;est le fait de celui qui l&rsquo;accomplit et l&rsquo;\u00e9tend.<\/p>\n<h3 class=\"GospelCommentaryAuthor-name commentary-author font-2\">Saint Ir\u00e9n\u00e9e de Lyon (v. 130-v. 208)<\/h3>\n<p>&nbsp;<\/p>\n<p>&nbsp;<\/p>\n","protected":false},"excerpt":{"rendered":"<p>Il y a des pr\u00e9ceptes naturels de la Loi qui donnent d\u00e9j\u00e0 la justice ; m\u00eame avant le don de la Loi \u00e0 Mo\u00efse des hommes observaient ces pr\u00e9ceptes, et ils \u00e9taient justifi\u00e9s par leur foi et plaisaient \u00e0 Dieu. Ces pr\u00e9ceptes-l\u00e0, le Seigneur ne les a pas abolis, mais \u00e9tendus et accomplis. C&rsquo;est ce [&hellip;]<\/p>\n","protected":false},"author":2,"featured_media":0,"comment_status":"closed","ping_status":"closed","sticky":false,"template":"","format":"standard","meta":{"footnotes":""},"categories":[13,1261],"tags":[236,243,589],"class_list":["post-22666","post","type-post","status-publish","format-standard","hentry","category-ecritures","category-enseignement-2","tag-coeur","tag-commandements","tag-loi"],"_links":{"self":[{"href":"https:\/\/www.associationdemarie.org\/blog\/wp-json\/wp\/v2\/posts\/22666","targetHints":{"allow":["GET"]}}],"collection":[{"href":"https:\/\/www.associationdemarie.org\/blog\/wp-json\/wp\/v2\/posts"}],"about":[{"href":"https:\/\/www.associationdemarie.org\/blog\/wp-json\/wp\/v2\/types\/post"}],"author":[{"embeddable":true,"href":"https:\/\/www.associationdemarie.org\/blog\/wp-json\/wp\/v2\/users\/2"}],"replies":[{"embeddable":true,"href":"https:\/\/www.associationdemarie.org\/blog\/wp-json\/wp\/v2\/comments?post=22666"}],"version-history":[{"count":1,"href":"https:\/\/www.associationdemarie.org\/blog\/wp-json\/wp\/v2\/posts\/22666\/revisions"}],"predecessor-version":[{"id":22668,"href":"https:\/\/www.associationdemarie.org\/blog\/wp-json\/wp\/v2\/posts\/22666\/revisions\/22668"}],"wp:attachment":[{"href":"https:\/\/www.associationdemarie.org\/blog\/wp-json\/wp\/v2\/media?parent=22666"}],"wp:term":[{"taxonomy":"category","embeddable":true,"href":"https:\/\/www.associationdemarie.org\/blog\/wp-json\/wp\/v2\/categories?post=22666"},{"taxonomy":"post_tag","embeddable":true,"href":"https:\/\/www.associationdemarie.org\/blog\/wp-json\/wp\/v2\/tags?post=22666"}],"curies":[{"name":"wp","href":"https:\/\/api.w.org\/{rel}","templated":true}]}}