{"id":22644,"date":"2023-02-07T01:32:06","date_gmt":"2023-02-07T00:32:06","guid":{"rendered":"http:\/\/www.associationdemarie.org\/blog\/?p=22644"},"modified":"2023-01-24T08:33:59","modified_gmt":"2023-01-24T07:33:59","slug":"honore-ton-pere-et-ta-mere-ex-2012","status":"publish","type":"post","link":"https:\/\/www.associationdemarie.org\/blog\/honore-ton-pere-et-ta-mere-ex-2012\/","title":{"rendered":"\u00ab Honore ton p\u00e8re et ta m\u00e8re. \u00bb (Ex 20,12)"},"content":{"rendered":"<p><img loading=\"lazy\" decoding=\"async\" class=\"aligncenter  wp-image-22645\" src=\"https:\/\/www.associationdemarie.org\/blog\/wp-content\/uploads\/2023\/01\/7-2.jpg\" alt=\"\" width=\"455\" height=\"273\" srcset=\"https:\/\/www.associationdemarie.org\/blog\/wp-content\/uploads\/2023\/01\/7-2.jpg 1500w, https:\/\/www.associationdemarie.org\/blog\/wp-content\/uploads\/2023\/01\/7-2-300x180.jpg 300w, https:\/\/www.associationdemarie.org\/blog\/wp-content\/uploads\/2023\/01\/7-2-768x461.jpg 768w, https:\/\/www.associationdemarie.org\/blog\/wp-content\/uploads\/2023\/01\/7-2-1024x614.jpg 1024w\" sizes=\"auto, (max-width: 455px) 100vw, 455px\" \/><\/p>\n<p>En honorant le P\u00e8re c\u00e9leste, nous honorons aussi nos p\u00e8res selon la chair : car le Seigneur lui-m\u00eame l\u2019a clairement ordonn\u00e9 dans la Loi et les Proph\u00e8tes : \u00ab Honore ton p\u00e8re et ta m\u00e8re, afin d\u2019\u00eatre heureux et de vivre longtemps sur la terre \u00bb (Ex 20,12). Que ce commandement soit entendu en particulier de ceux d\u2019entre vous qui ont p\u00e8re et m\u00e8re. Les enfants, ob\u00e9issez \u00e0 vos parents en toutes choses car c\u2019est une pratique qui pla\u00eet au Seigneur.<\/p>\n<p>Le Seigneur en effet n\u2019a pas dit : \u00ab Celui qui aime p\u00e8re ou m\u00e8re n\u2019est pas digne de moi \u00bb (Mt 10,37) : que ton ignorance ne te fasse pas mal interpr\u00e9ter cette bonne prescription, mais il a ajout\u00e9 ceci : \u00ab Plus que moi. \u00bb Car lorsque les p\u00e8res d\u2019ici-bas sont d\u2019un avis oppos\u00e9 au P\u00e8re des cieux, alors il faut ob\u00e9ir \u00e0 la parole divine. Mais quand ils ne s\u2019opposent en rien \u00e0 notre piti\u00e9, c\u2019est se laisser emporter par l\u2019ingratitude et oublier leurs bienfaits \u00e0 notre \u00e9gard que de les m\u00e9priser. (\u2026)<\/p>\n<p>La premi\u00e8re des vertus des chr\u00e9tiens est la piti\u00e9 : honorer les parents, revaloir leurs peines \u00e0 ceux qui nous ont donn\u00e9 la vie, et selon notre pouvoir leur procurer la paix ; quand bien m\u00eame en effet nous leur rendrions quantit\u00e9 de leurs bienfaits, pourtant au grand jamais nous ne pourrons \u00e0 notre tour leur donner la vie. De leur c\u00f4t\u00e9, s\u2019ils jouissent gr\u00e2ce \u00e0 nous de la paix, ils nous fortifieront des b\u00e9n\u00e9dictions que le trompeur Jacob arracha par la ruse.<\/p>\n<p>Que le P\u00e8re des cieux ayant pour agr\u00e9able notre bonne volont\u00e9 nous juge dignes de briller comme le soleil en compagnie des justes, dans le royaume de notre P\u00e8re \u00e0 qui est la gloire avec le Seul-engendr\u00e9 et Sauveur J\u00e9sus Christ, avec le saint et vivificateur Esprit, maintenant et toujours, et dans les si\u00e8cles des si\u00e8cles. Amen.<\/p>\n<h3 class=\"GospelCommentaryAuthor-name commentary-author font-2\">Saint Cyrille de J\u00e9rusalem (313-350)<\/h3>\n<p>&nbsp;<\/p>\n<p>&nbsp;<\/p>\n<p>&nbsp;<\/p>\n","protected":false},"excerpt":{"rendered":"<p>En honorant le P\u00e8re c\u00e9leste, nous honorons aussi nos p\u00e8res selon la chair : car le Seigneur lui-m\u00eame l\u2019a clairement ordonn\u00e9 dans la Loi et les Proph\u00e8tes : \u00ab Honore ton p\u00e8re et ta m\u00e8re, afin d\u2019\u00eatre heureux et de vivre longtemps sur la terre \u00bb (Ex 20,12). Que ce commandement soit entendu en particulier [&hellip;]<\/p>\n","protected":false},"author":2,"featured_media":0,"comment_status":"closed","ping_status":"closed","sticky":false,"template":"","format":"standard","meta":{"footnotes":""},"categories":[13,1261,27],"tags":[243,1434,1499],"class_list":["post-22644","post","type-post","status-publish","format-standard","hentry","category-ecritures","category-enseignement-2","category-prieres","tag-commandements","tag-pere-et-mere","tag-st-cyrille-de-jerusalem"],"_links":{"self":[{"href":"https:\/\/www.associationdemarie.org\/blog\/wp-json\/wp\/v2\/posts\/22644","targetHints":{"allow":["GET"]}}],"collection":[{"href":"https:\/\/www.associationdemarie.org\/blog\/wp-json\/wp\/v2\/posts"}],"about":[{"href":"https:\/\/www.associationdemarie.org\/blog\/wp-json\/wp\/v2\/types\/post"}],"author":[{"embeddable":true,"href":"https:\/\/www.associationdemarie.org\/blog\/wp-json\/wp\/v2\/users\/2"}],"replies":[{"embeddable":true,"href":"https:\/\/www.associationdemarie.org\/blog\/wp-json\/wp\/v2\/comments?post=22644"}],"version-history":[{"count":1,"href":"https:\/\/www.associationdemarie.org\/blog\/wp-json\/wp\/v2\/posts\/22644\/revisions"}],"predecessor-version":[{"id":22646,"href":"https:\/\/www.associationdemarie.org\/blog\/wp-json\/wp\/v2\/posts\/22644\/revisions\/22646"}],"wp:attachment":[{"href":"https:\/\/www.associationdemarie.org\/blog\/wp-json\/wp\/v2\/media?parent=22644"}],"wp:term":[{"taxonomy":"category","embeddable":true,"href":"https:\/\/www.associationdemarie.org\/blog\/wp-json\/wp\/v2\/categories?post=22644"},{"taxonomy":"post_tag","embeddable":true,"href":"https:\/\/www.associationdemarie.org\/blog\/wp-json\/wp\/v2\/tags?post=22644"}],"curies":[{"name":"wp","href":"https:\/\/api.w.org\/{rel}","templated":true}]}}