{"id":22636,"date":"2023-02-05T01:53:34","date_gmt":"2023-02-05T00:53:34","guid":{"rendered":"http:\/\/www.associationdemarie.org\/blog\/?p=22636"},"modified":"2023-01-23T09:22:30","modified_gmt":"2023-01-23T08:22:30","slug":"que-votre-lumiere-brille","status":"publish","type":"post","link":"https:\/\/www.associationdemarie.org\/blog\/que-votre-lumiere-brille\/","title":{"rendered":"\u00ab Que votre lumi\u00e8re brille ! \u00bb"},"content":{"rendered":"<p><img loading=\"lazy\" decoding=\"async\" class=\"aligncenter  wp-image-22637\" src=\"https:\/\/www.associationdemarie.org\/blog\/wp-content\/uploads\/2023\/01\/5-2.jpg\" alt=\"\" width=\"450\" height=\"447\" srcset=\"https:\/\/www.associationdemarie.org\/blog\/wp-content\/uploads\/2023\/01\/5-2.jpg 1200w, https:\/\/www.associationdemarie.org\/blog\/wp-content\/uploads\/2023\/01\/5-2-150x150.jpg 150w, https:\/\/www.associationdemarie.org\/blog\/wp-content\/uploads\/2023\/01\/5-2-300x298.jpg 300w, https:\/\/www.associationdemarie.org\/blog\/wp-content\/uploads\/2023\/01\/5-2-768x763.jpg 768w, https:\/\/www.associationdemarie.org\/blog\/wp-content\/uploads\/2023\/01\/5-2-1024x1017.jpg 1024w\" sizes=\"auto, (max-width: 450px) 100vw, 450px\" \/><\/p>\n<p>C\u2019est une cr\u00e9ation du monde que la fondation de l\u2019\u00c9glise : en elle, selon l\u2019expression du proph\u00e8te (cf. Is 65,17), un ciel nouveau est cr\u00e9\u00e9 \u2500 qui est \u00ab la solidit\u00e9 de la foi au Christ \u00bb (Col 2,5), comme le dit Paul \u2500 , une terre nouvelle est fond\u00e9e \u00ab qui boit la pluie descendue sur elle \u00bb (He 6,7), un autre homme est fa\u00e7onn\u00e9 qui est renouvel\u00e9 par la naissance d\u2019en haut, \u00e0 l\u2019image de son Cr\u00e9ateur ; la nature des astres devient tout autre, eux dont il est dit : \u00ab Vous \u00eates la lumi\u00e8re du monde \u00bb (Mt 5,14) et : \u00ab L\u00e0 o\u00f9 vous brillez comme les lumi\u00e8res du monde \u00bb (Ph 2,15), et comme des astres nombreux qui montent dans le firmament de la foi.<\/p>\n<p>Il n\u2019est pas \u00e9tonnant qu\u2019il y ait dans ce monde nouveau une multitude d\u2019astres d\u00e9nombr\u00e9e et d\u00e9nomm\u00e9e par Dieu. Et le Cr\u00e9ateur de pareils astres dit que leur nom est \u00e9crit dans les cieux \u2500 c\u2019est ainsi que je comprends la parole du d\u00e9miurge de cette nouvelle cr\u00e9ation : \u00ab Vos noms sont \u00e9crits dans les cieux \u00bb (Lc 10,20). La multitude des astres que le Verbe y cr\u00e9e n\u2019est pas le seul paradoxe de cette nouvelle cr\u00e9ation : il y a encore le nombre de soleils cr\u00e9\u00e9s qui \u00e9clairent toute la terre habit\u00e9e des rayons de leurs bonnes \u0153uvres, comme le dit l\u2019Auteur de ces soleils : \u00ab Que votre lumi\u00e8re brille \u00e0 la face des hommes \u00bb (Mt 5,14), et : \u00ab Alors les justes brilleront comme le soleil \u00bb (Mt 13,43).<\/p>\n<p>De m\u00eame que l\u2019homme qui observe le monde sensible et qui a connu la sagesse manifest\u00e9e par la beaut\u00e9 de ses r\u00e9alit\u00e9s, en d\u00e9duit, \u00e0 partir de ce qu\u2019il voit, la beaut\u00e9 invisible et la source de cette sagesse dont l\u2019\u00e9coulement \u00e9tablit la nature des \u00eatres, de m\u00eame celui qui porte ses regards sur ce monde nouveau de la cr\u00e9ation de l\u2019\u00c9glise voit dans ce monde Celui qui est et devient tout en tous, et il conduit, par le chemin des r\u00e9alit\u00e9s finies et compr\u00e9hensibles, sa connaissance jusqu\u2019\u00e0 l\u2019incompr\u00e9hensible.<\/p>\n<h3 class=\"GospelCommentaryAuthor-name commentary-author font-2\">Saint Gr\u00e9goire de Nysse (v. 335-395)<\/h3>\n<p>&nbsp;<\/p>\n<p>&nbsp;<\/p>\n<p>&nbsp;<\/p>\n","protected":false},"excerpt":{"rendered":"<p>C\u2019est une cr\u00e9ation du monde que la fondation de l\u2019\u00c9glise : en elle, selon l\u2019expression du proph\u00e8te (cf. Is 65,17), un ciel nouveau est cr\u00e9\u00e9 \u2500 qui est \u00ab la solidit\u00e9 de la foi au Christ \u00bb (Col 2,5), comme le dit Paul \u2500 , une terre nouvelle est fond\u00e9e \u00ab qui boit la pluie [&hellip;]<\/p>\n","protected":false},"author":2,"featured_media":0,"comment_status":"closed","ping_status":"closed","sticky":false,"template":"","format":"standard","meta":{"footnotes":""},"categories":[13,1261],"tags":[600,970,1484],"class_list":["post-22636","post","type-post","status-publish","format-standard","hentry","category-ecritures","category-enseignement-2","tag-lumiere","tag-sel-de-la-terre","tag-st-gregoire-de-nysse"],"_links":{"self":[{"href":"https:\/\/www.associationdemarie.org\/blog\/wp-json\/wp\/v2\/posts\/22636","targetHints":{"allow":["GET"]}}],"collection":[{"href":"https:\/\/www.associationdemarie.org\/blog\/wp-json\/wp\/v2\/posts"}],"about":[{"href":"https:\/\/www.associationdemarie.org\/blog\/wp-json\/wp\/v2\/types\/post"}],"author":[{"embeddable":true,"href":"https:\/\/www.associationdemarie.org\/blog\/wp-json\/wp\/v2\/users\/2"}],"replies":[{"embeddable":true,"href":"https:\/\/www.associationdemarie.org\/blog\/wp-json\/wp\/v2\/comments?post=22636"}],"version-history":[{"count":1,"href":"https:\/\/www.associationdemarie.org\/blog\/wp-json\/wp\/v2\/posts\/22636\/revisions"}],"predecessor-version":[{"id":22638,"href":"https:\/\/www.associationdemarie.org\/blog\/wp-json\/wp\/v2\/posts\/22636\/revisions\/22638"}],"wp:attachment":[{"href":"https:\/\/www.associationdemarie.org\/blog\/wp-json\/wp\/v2\/media?parent=22636"}],"wp:term":[{"taxonomy":"category","embeddable":true,"href":"https:\/\/www.associationdemarie.org\/blog\/wp-json\/wp\/v2\/categories?post=22636"},{"taxonomy":"post_tag","embeddable":true,"href":"https:\/\/www.associationdemarie.org\/blog\/wp-json\/wp\/v2\/tags?post=22636"}],"curies":[{"name":"wp","href":"https:\/\/api.w.org\/{rel}","templated":true}]}}