{"id":22629,"date":"2023-02-03T01:02:55","date_gmt":"2023-02-03T00:02:55","guid":{"rendered":"http:\/\/www.associationdemarie.org\/blog\/?p=22629"},"modified":"2023-01-20T08:04:51","modified_gmt":"2023-01-20T07:04:51","slug":"jean-baptiste-temoin-du-christ-par-toute-sa-vie","status":"publish","type":"post","link":"https:\/\/www.associationdemarie.org\/blog\/jean-baptiste-temoin-du-christ-par-toute-sa-vie\/","title":{"rendered":"Jean Baptiste, t\u00e9moin du Christ par toute sa vie"},"content":{"rendered":"<p><img loading=\"lazy\" decoding=\"async\" class=\"aligncenter  wp-image-22630\" src=\"https:\/\/www.associationdemarie.org\/blog\/wp-content\/uploads\/2023\/01\/3-2-Andrea_del_Verrocchio_Leonardo_da_Vinci_-_Baptism_of_Christ_-_Uffizi.jpg\" alt=\"\" width=\"458\" height=\"545\" srcset=\"https:\/\/www.associationdemarie.org\/blog\/wp-content\/uploads\/2023\/01\/3-2-Andrea_del_Verrocchio_Leonardo_da_Vinci_-_Baptism_of_Christ_-_Uffizi.jpg 1200w, https:\/\/www.associationdemarie.org\/blog\/wp-content\/uploads\/2023\/01\/3-2-Andrea_del_Verrocchio_Leonardo_da_Vinci_-_Baptism_of_Christ_-_Uffizi-252x300.jpg 252w, https:\/\/www.associationdemarie.org\/blog\/wp-content\/uploads\/2023\/01\/3-2-Andrea_del_Verrocchio_Leonardo_da_Vinci_-_Baptism_of_Christ_-_Uffizi-768x915.jpg 768w, https:\/\/www.associationdemarie.org\/blog\/wp-content\/uploads\/2023\/01\/3-2-Andrea_del_Verrocchio_Leonardo_da_Vinci_-_Baptism_of_Christ_-_Uffizi-860x1024.jpg 860w\" sizes=\"auto, (max-width: 458px) 100vw, 458px\" \/><\/p>\n<p>Vraiment, il est juste et bon de te rendre gloire,<br \/>\nde t&rsquo;offrir notre action de gr\u00e2ce, toujours et en tout lieu,<br \/>\n\u00e0 toi, P\u00e8re tr\u00e8s saint, Dieu \u00e9ternel et tout-puissant.<\/p>\n<p>Nous chantons les merveilles que tu as accomplies<br \/>\npour le plus grand des enfants des hommes,<br \/>\nJean Baptiste, le Pr\u00e9curseur :<br \/>\nAvant m\u00eame de na\u00eetre,<br \/>\nil tressaillit d&rsquo;all\u00e9gresse \u00e0 l&rsquo;approche du Sauveur ;<br \/>\nen venant au monde il apportait une grande joie ;<br \/>\nil fut, de tous les proph\u00e8tes, celui qui d\u00e9signa le Messie,<br \/>\nl&rsquo;Agneau de Dieu ;<br \/>\nDans les eaux qui devaient en \u00eatre sanctifi\u00e9es<br \/>\nil baptisa l&rsquo;auteur du bapt\u00eame ;<br \/>\nenfin, il rendit au Christ le plus beau t\u00e9moignage,<br \/>\nle t\u00e9moignage du martyre.<\/p>\n<p>C&rsquo;est pourquoi, avec les puissances du ciel,<br \/>\nnous pouvons te b\u00e9nir sur la terre<br \/>\net t&rsquo;adorer en chantant : Saint ! Saint ! Saint, le Seigneur, Dieu de l&rsquo;univers !<\/p>\n<h3 class=\"GospelCommentaryAuthor-name commentary-author font-2\">Le Missel romain<\/h3>\n<p>(R\u00e9f\u00e9rences bibliques : Mt 11,11; Lc 1,41.14; Jn 1,29)<\/p>\n<p>&nbsp;<\/p>\n<p>&nbsp;<\/p>\n","protected":false},"excerpt":{"rendered":"<p>Vraiment, il est juste et bon de te rendre gloire, de t&rsquo;offrir notre action de gr\u00e2ce, toujours et en tout lieu, \u00e0 toi, P\u00e8re tr\u00e8s saint, Dieu \u00e9ternel et tout-puissant. Nous chantons les merveilles que tu as accomplies pour le plus grand des enfants des hommes, Jean Baptiste, le Pr\u00e9curseur : Avant m\u00eame de na\u00eetre, [&hellip;]<\/p>\n","protected":false},"author":2,"featured_media":0,"comment_status":"closed","ping_status":"closed","sticky":false,"template":"","format":"standard","meta":{"footnotes":""},"categories":[28],"tags":[1375,1042],"class_list":["post-22629","post","type-post","status-publish","format-standard","hentry","category-saints-et-saintes","tag-missel-romain","tag-st-jean-baptiste"],"_links":{"self":[{"href":"https:\/\/www.associationdemarie.org\/blog\/wp-json\/wp\/v2\/posts\/22629","targetHints":{"allow":["GET"]}}],"collection":[{"href":"https:\/\/www.associationdemarie.org\/blog\/wp-json\/wp\/v2\/posts"}],"about":[{"href":"https:\/\/www.associationdemarie.org\/blog\/wp-json\/wp\/v2\/types\/post"}],"author":[{"embeddable":true,"href":"https:\/\/www.associationdemarie.org\/blog\/wp-json\/wp\/v2\/users\/2"}],"replies":[{"embeddable":true,"href":"https:\/\/www.associationdemarie.org\/blog\/wp-json\/wp\/v2\/comments?post=22629"}],"version-history":[{"count":1,"href":"https:\/\/www.associationdemarie.org\/blog\/wp-json\/wp\/v2\/posts\/22629\/revisions"}],"predecessor-version":[{"id":22631,"href":"https:\/\/www.associationdemarie.org\/blog\/wp-json\/wp\/v2\/posts\/22629\/revisions\/22631"}],"wp:attachment":[{"href":"https:\/\/www.associationdemarie.org\/blog\/wp-json\/wp\/v2\/media?parent=22629"}],"wp:term":[{"taxonomy":"category","embeddable":true,"href":"https:\/\/www.associationdemarie.org\/blog\/wp-json\/wp\/v2\/categories?post=22629"},{"taxonomy":"post_tag","embeddable":true,"href":"https:\/\/www.associationdemarie.org\/blog\/wp-json\/wp\/v2\/tags?post=22629"}],"curies":[{"name":"wp","href":"https:\/\/api.w.org\/{rel}","templated":true}]}}